{"id":10009,"date":"2026-01-07T15:28:48","date_gmt":"2026-01-07T14:28:48","guid":{"rendered":"https:\/\/przedszkole4.slawno.pl\/?p=10009"},"modified":"2026-01-16T12:19:16","modified_gmt":"2026-01-16T11:19:16","slug":"dzien-babci-i-dziadka-przedszkole","status":"publish","type":"post","link":"http:\/\/przedszkole4.slawno.pl\/?p=10009","title":{"rendered":"DZIE\u0143 BABCI I DZIADKA PRZEDSZKOLE"},"content":{"rendered":"\n<p class=\"has-vivid-cyan-blue-color has-text-color has-link-color has-large-font-size wp-elements-51430603ed849dff9e874081bc05b89b\">W DNIU 20 STYCZNIA 2026R. \/ WTOREK\/ <\/p>\n\n\n\n<p class=\"has-vivid-cyan-blue-color has-text-color has-link-color has-large-font-size wp-elements-f3917ee558b61389295c1a2249f3fbcb\">O GODZINIE 10.00<\/p>\n\n\n\n<p> W S\u0141AWIE\u0143SKIM DOMU KULTURY \/SDK\/ W S\u0141AWNIE<\/p>\n\n\n\n<p> ODB\u0118DZIE SI\u0118 UROCZYSTY  DZIE\u0143 BABCI I DZIADKA . <\/p>\n\n\n\n<p>SERDECZNIE ZAPRASZAMY <\/p>\n\n\n\n<figure class=\"wp-block-image size-full is-resized\"><img loading=\"lazy\" decoding=\"async\" width=\"225\" height=\"225\" src=\"https:\/\/przedszkole4.slawno.pl\/wp-content\/uploads\/2026\/01\/Bez-nazwy.jpg\" alt=\"\" class=\"wp-image-10010\" style=\"width:320px;height:auto\" srcset=\"http:\/\/przedszkole4.slawno.pl\/wp-content\/uploads\/2026\/01\/Bez-nazwy.jpg 225w, http:\/\/przedszkole4.slawno.pl\/wp-content\/uploads\/2026\/01\/Bez-nazwy-150x150.jpg 150w\" sizes=\"auto, (max-width: 225px) 85vw, 225px\" \/><\/figure>\n\n\n\n<p><\/p>\n","protected":false},"excerpt":{"rendered":"<p>W DNIU 20 STYCZNIA 2026R. \/ WTOREK\/ O GODZINIE 10.00 W S\u0141AWIE\u0143SKIM DOMU KULTURY \/SDK\/ W S\u0141AWNIE ODB\u0118DZIE SI\u0118 UROCZYSTY DZIE\u0143 BABCI I DZIADKA . SERDECZNIE ZAPRASZAMY<\/p>\n","protected":false},"author":3,"featured_media":0,"comment_status":"closed","ping_status":"closed","sticky":false,"template":"","format":"standard","meta":{"footnotes":""},"categories":[6,23,24,25,7],"tags":[],"class_list":["post-10009","post","type-post","status-publish","format-standard","hentry","category-news","category-echomal","category-echosr","category-echostar","category-przedszkole"],"yoast_head":"<!-- This site is optimized with the Yoast SEO plugin v27.5 - https:\/\/yoast.com\/product\/yoast-seo-wordpress\/ -->\n<title>DZIE\u0143 BABCI I DZIADKA PRZEDSZKOLE - Przedszkole nr 4 im. Krasnala Ha\u0142aba\u0142y, \u017b\u0142obek Miejski w S\u0142awnie<\/title>\n<meta name=\"robots\" content=\"index, follow, max-snippet:-1, max-image-preview:large, max-video-preview:-1\" \/>\n<link rel=\"canonical\" href=\"http:\/\/przedszkole4.slawno.pl\/?p=10009\" \/>\n<meta name=\"twitter:card\" content=\"summary_large_image\" \/>\n<meta name=\"twitter:title\" content=\"DZIE\u0143 BABCI I DZIADKA PRZEDSZKOLE - Przedszkole nr 4 im. Krasnala Ha\u0142aba\u0142y, \u017b\u0142obek Miejski w S\u0142awnie\" \/>\n<meta name=\"twitter:description\" content=\"W DNIU 20 STYCZNIA 2026R. \/ WTOREK\/ O GODZINIE 10.00 W S\u0141AWIE\u0143SKIM DOMU KULTURY \/SDK\/ W S\u0141AWNIE ODB\u0118DZIE SI\u0118 UROCZYSTY DZIE\u0143 BABCI I DZIADKA . SERDECZNIE ZAPRASZAMY\" \/>\n<meta name=\"twitter:image\" content=\"http:\/\/przedszkole4.slawno.pl\/wp-content\/uploads\/2026\/01\/Bez-nazwy.jpg\" \/>\n<meta name=\"twitter:label1\" content=\"Napisane przez\" \/>\n\t<meta name=\"twitter:data1\" content=\"Barbara Izdebska\" \/>\n<script type=\"application\/ld+json\" class=\"yoast-schema-graph\">{\"@context\":\"https:\\\/\\\/schema.org\",\"@graph\":[{\"@type\":\"Article\",\"@id\":\"http:\\\/\\\/przedszkole4.slawno.pl\\\/?p=10009#article\",\"isPartOf\":{\"@id\":\"http:\\\/\\\/przedszkole4.slawno.pl\\\/?p=10009\"},\"author\":{\"name\":\"Barbara Izdebska\",\"@id\":\"http:\\\/\\\/przedszkole4.slawno.pl\\\/#\\\/schema\\\/person\\\/9644dab3ce8a67278cda57eca1b65fa4\"},\"headline\":\"DZIE\u0143 BABCI I DZIADKA PRZEDSZKOLE\",\"datePublished\":\"2026-01-07T14:28:48+00:00\",\"dateModified\":\"2026-01-16T11:19:16+00:00\",\"mainEntityOfPage\":{\"@id\":\"http:\\\/\\\/przedszkole4.slawno.pl\\\/?p=10009\"},\"wordCount\":32,\"image\":{\"@id\":\"http:\\\/\\\/przedszkole4.slawno.pl\\\/?p=10009#primaryimage\"},\"thumbnailUrl\":\"https:\\\/\\\/przedszkole4.slawno.pl\\\/wp-content\\\/uploads\\\/2026\\\/01\\\/Bez-nazwy.jpg\",\"articleSection\":[\"Aktualno\u015bci\",\"Echo grupy - Maluchy\",\"Echo grupy - \u015aredniaki\",\"Echo grupy - Starszaki\",\"Przedszkole\"],\"inLanguage\":\"pl-PL\"},{\"@type\":\"WebPage\",\"@id\":\"http:\\\/\\\/przedszkole4.slawno.pl\\\/?p=10009\",\"url\":\"http:\\\/\\\/przedszkole4.slawno.pl\\\/?p=10009\",\"name\":\"DZIE\u0143 BABCI I DZIADKA PRZEDSZKOLE - Przedszkole nr 4 im. Krasnala Ha\u0142aba\u0142y, \u017b\u0142obek Miejski w S\u0142awnie\",\"isPartOf\":{\"@id\":\"http:\\\/\\\/przedszkole4.slawno.pl\\\/#website\"},\"primaryImageOfPage\":{\"@id\":\"http:\\\/\\\/przedszkole4.slawno.pl\\\/?p=10009#primaryimage\"},\"image\":{\"@id\":\"http:\\\/\\\/przedszkole4.slawno.pl\\\/?p=10009#primaryimage\"},\"thumbnailUrl\":\"https:\\\/\\\/przedszkole4.slawno.pl\\\/wp-content\\\/uploads\\\/2026\\\/01\\\/Bez-nazwy.jpg\",\"datePublished\":\"2026-01-07T14:28:48+00:00\",\"dateModified\":\"2026-01-16T11:19:16+00:00\",\"author\":{\"@id\":\"http:\\\/\\\/przedszkole4.slawno.pl\\\/#\\\/schema\\\/person\\\/9644dab3ce8a67278cda57eca1b65fa4\"},\"breadcrumb\":{\"@id\":\"http:\\\/\\\/przedszkole4.slawno.pl\\\/?p=10009#breadcrumb\"},\"inLanguage\":\"pl-PL\",\"potentialAction\":[{\"@type\":\"ReadAction\",\"target\":[\"http:\\\/\\\/przedszkole4.slawno.pl\\\/?p=10009\"]}]},{\"@type\":\"ImageObject\",\"inLanguage\":\"pl-PL\",\"@id\":\"http:\\\/\\\/przedszkole4.slawno.pl\\\/?p=10009#primaryimage\",\"url\":\"http:\\\/\\\/przedszkole4.slawno.pl\\\/wp-content\\\/uploads\\\/2026\\\/01\\\/Bez-nazwy.jpg\",\"contentUrl\":\"http:\\\/\\\/przedszkole4.slawno.pl\\\/wp-content\\\/uploads\\\/2026\\\/01\\\/Bez-nazwy.jpg\",\"width\":225,\"height\":225},{\"@type\":\"BreadcrumbList\",\"@id\":\"http:\\\/\\\/przedszkole4.slawno.pl\\\/?p=10009#breadcrumb\",\"itemListElement\":[{\"@type\":\"ListItem\",\"position\":1,\"name\":\"Strona g\u0142\u00f3wna\",\"item\":\"http:\\\/\\\/przedszkole4.slawno.pl\\\/\"},{\"@type\":\"ListItem\",\"position\":2,\"name\":\"DZIE\u0143 BABCI I DZIADKA PRZEDSZKOLE\"}]},{\"@type\":\"WebSite\",\"@id\":\"http:\\\/\\\/przedszkole4.slawno.pl\\\/#website\",\"url\":\"http:\\\/\\\/przedszkole4.slawno.pl\\\/\",\"name\":\"Przedszkole nr 4 im. Krasnala Ha\u0142aba\u0142y, \u017b\u0142obek Miejski w S\u0142awnie\",\"description\":\"Krasnal Ha\u0142aba\u0142a\",\"potentialAction\":[{\"@type\":\"SearchAction\",\"target\":{\"@type\":\"EntryPoint\",\"urlTemplate\":\"http:\\\/\\\/przedszkole4.slawno.pl\\\/?s={search_term_string}\"},\"query-input\":{\"@type\":\"PropertyValueSpecification\",\"valueRequired\":true,\"valueName\":\"search_term_string\"}}],\"inLanguage\":\"pl-PL\"},{\"@type\":\"Person\",\"@id\":\"http:\\\/\\\/przedszkole4.slawno.pl\\\/#\\\/schema\\\/person\\\/9644dab3ce8a67278cda57eca1b65fa4\",\"name\":\"Barbara Izdebska\",\"sameAs\":[\"http:\\\/\\\/przedszkole4.slawno.pl\"],\"url\":\"http:\\\/\\\/przedszkole4.slawno.pl\\\/?author=3\"}]}<\/script>\n<!-- \/ Yoast SEO plugin. -->","yoast_head_json":{"title":"DZIE\u0143 BABCI I DZIADKA PRZEDSZKOLE - Przedszkole nr 4 im. Krasnala Ha\u0142aba\u0142y, \u017b\u0142obek Miejski w S\u0142awnie","robots":{"index":"index","follow":"follow","max-snippet":"max-snippet:-1","max-image-preview":"max-image-preview:large","max-video-preview":"max-video-preview:-1"},"canonical":"http:\/\/przedszkole4.slawno.pl\/?p=10009","twitter_card":"summary_large_image","twitter_title":"DZIE\u0143 BABCI I DZIADKA PRZEDSZKOLE - Przedszkole nr 4 im. Krasnala Ha\u0142aba\u0142y, \u017b\u0142obek Miejski w S\u0142awnie","twitter_description":"W DNIU 20 STYCZNIA 2026R. \/ WTOREK\/ O GODZINIE 10.00 W S\u0141AWIE\u0143SKIM DOMU KULTURY \/SDK\/ W S\u0141AWNIE ODB\u0118DZIE SI\u0118 UROCZYSTY DZIE\u0143 BABCI I DZIADKA . SERDECZNIE ZAPRASZAMY","twitter_image":"http:\/\/przedszkole4.slawno.pl\/wp-content\/uploads\/2026\/01\/Bez-nazwy.jpg","twitter_misc":{"Napisane przez":"Barbara Izdebska"},"schema":{"@context":"https:\/\/schema.org","@graph":[{"@type":"Article","@id":"http:\/\/przedszkole4.slawno.pl\/?p=10009#article","isPartOf":{"@id":"http:\/\/przedszkole4.slawno.pl\/?p=10009"},"author":{"name":"Barbara Izdebska","@id":"http:\/\/przedszkole4.slawno.pl\/#\/schema\/person\/9644dab3ce8a67278cda57eca1b65fa4"},"headline":"DZIE\u0143 BABCI I DZIADKA PRZEDSZKOLE","datePublished":"2026-01-07T14:28:48+00:00","dateModified":"2026-01-16T11:19:16+00:00","mainEntityOfPage":{"@id":"http:\/\/przedszkole4.slawno.pl\/?p=10009"},"wordCount":32,"image":{"@id":"http:\/\/przedszkole4.slawno.pl\/?p=10009#primaryimage"},"thumbnailUrl":"https:\/\/przedszkole4.slawno.pl\/wp-content\/uploads\/2026\/01\/Bez-nazwy.jpg","articleSection":["Aktualno\u015bci","Echo grupy - Maluchy","Echo grupy - \u015aredniaki","Echo grupy - Starszaki","Przedszkole"],"inLanguage":"pl-PL"},{"@type":"WebPage","@id":"http:\/\/przedszkole4.slawno.pl\/?p=10009","url":"http:\/\/przedszkole4.slawno.pl\/?p=10009","name":"DZIE\u0143 BABCI I DZIADKA PRZEDSZKOLE - Przedszkole nr 4 im. Krasnala Ha\u0142aba\u0142y, \u017b\u0142obek Miejski w S\u0142awnie","isPartOf":{"@id":"http:\/\/przedszkole4.slawno.pl\/#website"},"primaryImageOfPage":{"@id":"http:\/\/przedszkole4.slawno.pl\/?p=10009#primaryimage"},"image":{"@id":"http:\/\/przedszkole4.slawno.pl\/?p=10009#primaryimage"},"thumbnailUrl":"https:\/\/przedszkole4.slawno.pl\/wp-content\/uploads\/2026\/01\/Bez-nazwy.jpg","datePublished":"2026-01-07T14:28:48+00:00","dateModified":"2026-01-16T11:19:16+00:00","author":{"@id":"http:\/\/przedszkole4.slawno.pl\/#\/schema\/person\/9644dab3ce8a67278cda57eca1b65fa4"},"breadcrumb":{"@id":"http:\/\/przedszkole4.slawno.pl\/?p=10009#breadcrumb"},"inLanguage":"pl-PL","potentialAction":[{"@type":"ReadAction","target":["http:\/\/przedszkole4.slawno.pl\/?p=10009"]}]},{"@type":"ImageObject","inLanguage":"pl-PL","@id":"http:\/\/przedszkole4.slawno.pl\/?p=10009#primaryimage","url":"http:\/\/przedszkole4.slawno.pl\/wp-content\/uploads\/2026\/01\/Bez-nazwy.jpg","contentUrl":"http:\/\/przedszkole4.slawno.pl\/wp-content\/uploads\/2026\/01\/Bez-nazwy.jpg","width":225,"height":225},{"@type":"BreadcrumbList","@id":"http:\/\/przedszkole4.slawno.pl\/?p=10009#breadcrumb","itemListElement":[{"@type":"ListItem","position":1,"name":"Strona g\u0142\u00f3wna","item":"http:\/\/przedszkole4.slawno.pl\/"},{"@type":"ListItem","position":2,"name":"DZIE\u0143 BABCI I DZIADKA PRZEDSZKOLE"}]},{"@type":"WebSite","@id":"http:\/\/przedszkole4.slawno.pl\/#website","url":"http:\/\/przedszkole4.slawno.pl\/","name":"Przedszkole nr 4 im. Krasnala Ha\u0142aba\u0142y, \u017b\u0142obek Miejski w S\u0142awnie","description":"Krasnal Ha\u0142aba\u0142a","potentialAction":[{"@type":"SearchAction","target":{"@type":"EntryPoint","urlTemplate":"http:\/\/przedszkole4.slawno.pl\/?s={search_term_string}"},"query-input":{"@type":"PropertyValueSpecification","valueRequired":true,"valueName":"search_term_string"}}],"inLanguage":"pl-PL"},{"@type":"Person","@id":"http:\/\/przedszkole4.slawno.pl\/#\/schema\/person\/9644dab3ce8a67278cda57eca1b65fa4","name":"Barbara Izdebska","sameAs":["http:\/\/przedszkole4.slawno.pl"],"url":"http:\/\/przedszkole4.slawno.pl\/?author=3"}]}},"_links":{"self":[{"href":"http:\/\/przedszkole4.slawno.pl\/index.php?rest_route=\/wp\/v2\/posts\/10009","targetHints":{"allow":["GET"]}}],"collection":[{"href":"http:\/\/przedszkole4.slawno.pl\/index.php?rest_route=\/wp\/v2\/posts"}],"about":[{"href":"http:\/\/przedszkole4.slawno.pl\/index.php?rest_route=\/wp\/v2\/types\/post"}],"author":[{"embeddable":true,"href":"http:\/\/przedszkole4.slawno.pl\/index.php?rest_route=\/wp\/v2\/users\/3"}],"replies":[{"embeddable":true,"href":"http:\/\/przedszkole4.slawno.pl\/index.php?rest_route=%2Fwp%2Fv2%2Fcomments&post=10009"}],"version-history":[{"count":1,"href":"http:\/\/przedszkole4.slawno.pl\/index.php?rest_route=\/wp\/v2\/posts\/10009\/revisions"}],"predecessor-version":[{"id":10011,"href":"http:\/\/przedszkole4.slawno.pl\/index.php?rest_route=\/wp\/v2\/posts\/10009\/revisions\/10011"}],"wp:attachment":[{"href":"http:\/\/przedszkole4.slawno.pl\/index.php?rest_route=%2Fwp%2Fv2%2Fmedia&parent=10009"}],"wp:term":[{"taxonomy":"category","embeddable":true,"href":"http:\/\/przedszkole4.slawno.pl\/index.php?rest_route=%2Fwp%2Fv2%2Fcategories&post=10009"},{"taxonomy":"post_tag","embeddable":true,"href":"http:\/\/przedszkole4.slawno.pl\/index.php?rest_route=%2Fwp%2Fv2%2Ftags&post=10009"}],"curies":[{"name":"wp","href":"https:\/\/api.w.org\/{rel}","templated":true}]}}