{"id":10635,"date":"2026-04-22T13:36:21","date_gmt":"2026-04-22T11:36:21","guid":{"rendered":"https:\/\/przedszkole4.slawno.pl\/?p=10635"},"modified":"2026-04-23T13:36:45","modified_gmt":"2026-04-23T11:36:45","slug":"dzien-ziemi","status":"publish","type":"post","link":"http:\/\/przedszkole4.slawno.pl\/?p=10635","title":{"rendered":"DZIE\u0143 ZIEMI"},"content":{"rendered":"\n<figure class=\"wp-block-image size-large\"><img loading=\"lazy\" decoding=\"async\" width=\"768\" height=\"1024\" src=\"https:\/\/przedszkole4.slawno.pl\/wp-content\/uploads\/2026\/04\/dzien-ziemi-768x1024.jpg\" alt=\"DZIECI POZUJ\u0104 DO ZDJ\u0118CIA NA TLE DRZEWA.\" class=\"wp-image-10636\" srcset=\"http:\/\/przedszkole4.slawno.pl\/wp-content\/uploads\/2026\/04\/dzien-ziemi-768x1024.jpg 768w, http:\/\/przedszkole4.slawno.pl\/wp-content\/uploads\/2026\/04\/dzien-ziemi-225x300.jpg 225w, http:\/\/przedszkole4.slawno.pl\/wp-content\/uploads\/2026\/04\/dzien-ziemi-1152x1536.jpg 1152w, http:\/\/przedszkole4.slawno.pl\/wp-content\/uploads\/2026\/04\/dzien-ziemi-1200x1600.jpg 1200w, http:\/\/przedszkole4.slawno.pl\/wp-content\/uploads\/2026\/04\/dzien-ziemi.jpg 1536w\" sizes=\"auto, (max-width: 709px) 85vw, (max-width: 909px) 67vw, (max-width: 984px) 61vw, (max-width: 1362px) 45vw, 600px\" \/><\/figure>\n","protected":false},"excerpt":{"rendered":"","protected":false},"author":6,"featured_media":0,"comment_status":"closed","ping_status":"closed","sticky":false,"template":"","format":"standard","meta":{"footnotes":""},"categories":[24],"tags":[],"class_list":["post-10635","post","type-post","status-publish","format-standard","hentry","category-echosr"],"yoast_head":"<!-- This site is optimized with the Yoast SEO plugin v27.5 - https:\/\/yoast.com\/product\/yoast-seo-wordpress\/ -->\n<title>DZIE\u0143 ZIEMI - Przedszkole nr 4 im. Krasnala Ha\u0142aba\u0142y, \u017b\u0142obek Miejski w S\u0142awnie<\/title>\n<meta name=\"robots\" content=\"index, follow, max-snippet:-1, max-image-preview:large, max-video-preview:-1\" \/>\n<link rel=\"canonical\" href=\"http:\/\/przedszkole4.slawno.pl\/?p=10635\" \/>\n<meta name=\"twitter:card\" content=\"summary_large_image\" \/>\n<meta name=\"twitter:title\" content=\"DZIE\u0143 ZIEMI - Przedszkole nr 4 im. Krasnala Ha\u0142aba\u0142y, \u017b\u0142obek Miejski w S\u0142awnie\" \/>\n<meta name=\"twitter:image\" content=\"http:\/\/przedszkole4.slawno.pl\/wp-content\/uploads\/2026\/04\/dzien-ziemi.jpg\" \/>\n<meta name=\"twitter:label1\" content=\"Napisane przez\" \/>\n\t<meta name=\"twitter:data1\" content=\"Anetta Sur\u00f3wka\" \/>\n<script type=\"application\/ld+json\" class=\"yoast-schema-graph\">{\"@context\":\"https:\\\/\\\/schema.org\",\"@graph\":[{\"@type\":\"Article\",\"@id\":\"http:\\\/\\\/przedszkole4.slawno.pl\\\/?p=10635#article\",\"isPartOf\":{\"@id\":\"http:\\\/\\\/przedszkole4.slawno.pl\\\/?p=10635\"},\"author\":{\"name\":\"Anetta Sur\u00f3wka\",\"@id\":\"http:\\\/\\\/przedszkole4.slawno.pl\\\/#\\\/schema\\\/person\\\/5b06c94b89795386546b0eb372a2abe0\"},\"headline\":\"DZIE\u0143 ZIEMI\",\"datePublished\":\"2026-04-22T11:36:21+00:00\",\"dateModified\":\"2026-04-23T11:36:45+00:00\",\"mainEntityOfPage\":{\"@id\":\"http:\\\/\\\/przedszkole4.slawno.pl\\\/?p=10635\"},\"wordCount\":2,\"image\":{\"@id\":\"http:\\\/\\\/przedszkole4.slawno.pl\\\/?p=10635#primaryimage\"},\"thumbnailUrl\":\"https:\\\/\\\/przedszkole4.slawno.pl\\\/wp-content\\\/uploads\\\/2026\\\/04\\\/dzien-ziemi-768x1024.jpg\",\"articleSection\":[\"Echo grupy - \u015aredniaki\"],\"inLanguage\":\"pl-PL\"},{\"@type\":\"WebPage\",\"@id\":\"http:\\\/\\\/przedszkole4.slawno.pl\\\/?p=10635\",\"url\":\"http:\\\/\\\/przedszkole4.slawno.pl\\\/?p=10635\",\"name\":\"DZIE\u0143 ZIEMI - Przedszkole nr 4 im. Krasnala Ha\u0142aba\u0142y, \u017b\u0142obek Miejski w S\u0142awnie\",\"isPartOf\":{\"@id\":\"http:\\\/\\\/przedszkole4.slawno.pl\\\/#website\"},\"primaryImageOfPage\":{\"@id\":\"http:\\\/\\\/przedszkole4.slawno.pl\\\/?p=10635#primaryimage\"},\"image\":{\"@id\":\"http:\\\/\\\/przedszkole4.slawno.pl\\\/?p=10635#primaryimage\"},\"thumbnailUrl\":\"https:\\\/\\\/przedszkole4.slawno.pl\\\/wp-content\\\/uploads\\\/2026\\\/04\\\/dzien-ziemi-768x1024.jpg\",\"datePublished\":\"2026-04-22T11:36:21+00:00\",\"dateModified\":\"2026-04-23T11:36:45+00:00\",\"author\":{\"@id\":\"http:\\\/\\\/przedszkole4.slawno.pl\\\/#\\\/schema\\\/person\\\/5b06c94b89795386546b0eb372a2abe0\"},\"breadcrumb\":{\"@id\":\"http:\\\/\\\/przedszkole4.slawno.pl\\\/?p=10635#breadcrumb\"},\"inLanguage\":\"pl-PL\",\"potentialAction\":[{\"@type\":\"ReadAction\",\"target\":[\"http:\\\/\\\/przedszkole4.slawno.pl\\\/?p=10635\"]}]},{\"@type\":\"ImageObject\",\"inLanguage\":\"pl-PL\",\"@id\":\"http:\\\/\\\/przedszkole4.slawno.pl\\\/?p=10635#primaryimage\",\"url\":\"http:\\\/\\\/przedszkole4.slawno.pl\\\/wp-content\\\/uploads\\\/2026\\\/04\\\/dzien-ziemi.jpg\",\"contentUrl\":\"http:\\\/\\\/przedszkole4.slawno.pl\\\/wp-content\\\/uploads\\\/2026\\\/04\\\/dzien-ziemi.jpg\",\"width\":1536,\"height\":2048},{\"@type\":\"BreadcrumbList\",\"@id\":\"http:\\\/\\\/przedszkole4.slawno.pl\\\/?p=10635#breadcrumb\",\"itemListElement\":[{\"@type\":\"ListItem\",\"position\":1,\"name\":\"Strona g\u0142\u00f3wna\",\"item\":\"http:\\\/\\\/przedszkole4.slawno.pl\\\/\"},{\"@type\":\"ListItem\",\"position\":2,\"name\":\"DZIE\u0143 ZIEMI\"}]},{\"@type\":\"WebSite\",\"@id\":\"http:\\\/\\\/przedszkole4.slawno.pl\\\/#website\",\"url\":\"http:\\\/\\\/przedszkole4.slawno.pl\\\/\",\"name\":\"Przedszkole nr 4 im. Krasnala Ha\u0142aba\u0142y, \u017b\u0142obek Miejski w S\u0142awnie\",\"description\":\"Krasnal Ha\u0142aba\u0142a\",\"potentialAction\":[{\"@type\":\"SearchAction\",\"target\":{\"@type\":\"EntryPoint\",\"urlTemplate\":\"http:\\\/\\\/przedszkole4.slawno.pl\\\/?s={search_term_string}\"},\"query-input\":{\"@type\":\"PropertyValueSpecification\",\"valueRequired\":true,\"valueName\":\"search_term_string\"}}],\"inLanguage\":\"pl-PL\"},{\"@type\":\"Person\",\"@id\":\"http:\\\/\\\/przedszkole4.slawno.pl\\\/#\\\/schema\\\/person\\\/5b06c94b89795386546b0eb372a2abe0\",\"name\":\"Anetta Sur\u00f3wka\",\"sameAs\":[\"http:\\\/\\\/przedszkole4.slawno.pl\"],\"url\":\"http:\\\/\\\/przedszkole4.slawno.pl\\\/?author=6\"}]}<\/script>\n<!-- \/ Yoast SEO plugin. -->","yoast_head_json":{"title":"DZIE\u0143 ZIEMI - Przedszkole nr 4 im. Krasnala Ha\u0142aba\u0142y, \u017b\u0142obek Miejski w S\u0142awnie","robots":{"index":"index","follow":"follow","max-snippet":"max-snippet:-1","max-image-preview":"max-image-preview:large","max-video-preview":"max-video-preview:-1"},"canonical":"http:\/\/przedszkole4.slawno.pl\/?p=10635","twitter_card":"summary_large_image","twitter_title":"DZIE\u0143 ZIEMI - Przedszkole nr 4 im. Krasnala Ha\u0142aba\u0142y, \u017b\u0142obek Miejski w S\u0142awnie","twitter_image":"http:\/\/przedszkole4.slawno.pl\/wp-content\/uploads\/2026\/04\/dzien-ziemi.jpg","twitter_misc":{"Napisane przez":"Anetta Sur\u00f3wka"},"schema":{"@context":"https:\/\/schema.org","@graph":[{"@type":"Article","@id":"http:\/\/przedszkole4.slawno.pl\/?p=10635#article","isPartOf":{"@id":"http:\/\/przedszkole4.slawno.pl\/?p=10635"},"author":{"name":"Anetta Sur\u00f3wka","@id":"http:\/\/przedszkole4.slawno.pl\/#\/schema\/person\/5b06c94b89795386546b0eb372a2abe0"},"headline":"DZIE\u0143 ZIEMI","datePublished":"2026-04-22T11:36:21+00:00","dateModified":"2026-04-23T11:36:45+00:00","mainEntityOfPage":{"@id":"http:\/\/przedszkole4.slawno.pl\/?p=10635"},"wordCount":2,"image":{"@id":"http:\/\/przedszkole4.slawno.pl\/?p=10635#primaryimage"},"thumbnailUrl":"https:\/\/przedszkole4.slawno.pl\/wp-content\/uploads\/2026\/04\/dzien-ziemi-768x1024.jpg","articleSection":["Echo grupy - \u015aredniaki"],"inLanguage":"pl-PL"},{"@type":"WebPage","@id":"http:\/\/przedszkole4.slawno.pl\/?p=10635","url":"http:\/\/przedszkole4.slawno.pl\/?p=10635","name":"DZIE\u0143 ZIEMI - Przedszkole nr 4 im. Krasnala Ha\u0142aba\u0142y, \u017b\u0142obek Miejski w S\u0142awnie","isPartOf":{"@id":"http:\/\/przedszkole4.slawno.pl\/#website"},"primaryImageOfPage":{"@id":"http:\/\/przedszkole4.slawno.pl\/?p=10635#primaryimage"},"image":{"@id":"http:\/\/przedszkole4.slawno.pl\/?p=10635#primaryimage"},"thumbnailUrl":"https:\/\/przedszkole4.slawno.pl\/wp-content\/uploads\/2026\/04\/dzien-ziemi-768x1024.jpg","datePublished":"2026-04-22T11:36:21+00:00","dateModified":"2026-04-23T11:36:45+00:00","author":{"@id":"http:\/\/przedszkole4.slawno.pl\/#\/schema\/person\/5b06c94b89795386546b0eb372a2abe0"},"breadcrumb":{"@id":"http:\/\/przedszkole4.slawno.pl\/?p=10635#breadcrumb"},"inLanguage":"pl-PL","potentialAction":[{"@type":"ReadAction","target":["http:\/\/przedszkole4.slawno.pl\/?p=10635"]}]},{"@type":"ImageObject","inLanguage":"pl-PL","@id":"http:\/\/przedszkole4.slawno.pl\/?p=10635#primaryimage","url":"http:\/\/przedszkole4.slawno.pl\/wp-content\/uploads\/2026\/04\/dzien-ziemi.jpg","contentUrl":"http:\/\/przedszkole4.slawno.pl\/wp-content\/uploads\/2026\/04\/dzien-ziemi.jpg","width":1536,"height":2048},{"@type":"BreadcrumbList","@id":"http:\/\/przedszkole4.slawno.pl\/?p=10635#breadcrumb","itemListElement":[{"@type":"ListItem","position":1,"name":"Strona g\u0142\u00f3wna","item":"http:\/\/przedszkole4.slawno.pl\/"},{"@type":"ListItem","position":2,"name":"DZIE\u0143 ZIEMI"}]},{"@type":"WebSite","@id":"http:\/\/przedszkole4.slawno.pl\/#website","url":"http:\/\/przedszkole4.slawno.pl\/","name":"Przedszkole nr 4 im. Krasnala Ha\u0142aba\u0142y, \u017b\u0142obek Miejski w S\u0142awnie","description":"Krasnal Ha\u0142aba\u0142a","potentialAction":[{"@type":"SearchAction","target":{"@type":"EntryPoint","urlTemplate":"http:\/\/przedszkole4.slawno.pl\/?s={search_term_string}"},"query-input":{"@type":"PropertyValueSpecification","valueRequired":true,"valueName":"search_term_string"}}],"inLanguage":"pl-PL"},{"@type":"Person","@id":"http:\/\/przedszkole4.slawno.pl\/#\/schema\/person\/5b06c94b89795386546b0eb372a2abe0","name":"Anetta Sur\u00f3wka","sameAs":["http:\/\/przedszkole4.slawno.pl"],"url":"http:\/\/przedszkole4.slawno.pl\/?author=6"}]}},"_links":{"self":[{"href":"http:\/\/przedszkole4.slawno.pl\/index.php?rest_route=\/wp\/v2\/posts\/10635","targetHints":{"allow":["GET"]}}],"collection":[{"href":"http:\/\/przedszkole4.slawno.pl\/index.php?rest_route=\/wp\/v2\/posts"}],"about":[{"href":"http:\/\/przedszkole4.slawno.pl\/index.php?rest_route=\/wp\/v2\/types\/post"}],"author":[{"embeddable":true,"href":"http:\/\/przedszkole4.slawno.pl\/index.php?rest_route=\/wp\/v2\/users\/6"}],"replies":[{"embeddable":true,"href":"http:\/\/przedszkole4.slawno.pl\/index.php?rest_route=%2Fwp%2Fv2%2Fcomments&post=10635"}],"version-history":[{"count":1,"href":"http:\/\/przedszkole4.slawno.pl\/index.php?rest_route=\/wp\/v2\/posts\/10635\/revisions"}],"predecessor-version":[{"id":10637,"href":"http:\/\/przedszkole4.slawno.pl\/index.php?rest_route=\/wp\/v2\/posts\/10635\/revisions\/10637"}],"wp:attachment":[{"href":"http:\/\/przedszkole4.slawno.pl\/index.php?rest_route=%2Fwp%2Fv2%2Fmedia&parent=10635"}],"wp:term":[{"taxonomy":"category","embeddable":true,"href":"http:\/\/przedszkole4.slawno.pl\/index.php?rest_route=%2Fwp%2Fv2%2Fcategories&post=10635"},{"taxonomy":"post_tag","embeddable":true,"href":"http:\/\/przedszkole4.slawno.pl\/index.php?rest_route=%2Fwp%2Fv2%2Ftags&post=10635"}],"curies":[{"name":"wp","href":"https:\/\/api.w.org\/{rel}","templated":true}]}}