{"id":10638,"date":"2026-04-21T13:40:45","date_gmt":"2026-04-21T11:40:45","guid":{"rendered":"https:\/\/przedszkole4.slawno.pl\/?p=10638"},"modified":"2026-04-23T13:42:17","modified_gmt":"2026-04-23T11:42:17","slug":"dni-teatru-w-naszej-grupie-przedstawienie-zaczarowany-pociag","status":"publish","type":"post","link":"http:\/\/przedszkole4.slawno.pl\/?p=10638","title":{"rendered":"DNI TEATRU W NASZEJ GRUPIE &#8211; PRZEDSTAWIENIE ,,ZACZAROWANY POCI\u0104G&#8221;!"},"content":{"rendered":"\n<figure class=\"wp-block-image size-large\"><img loading=\"lazy\" decoding=\"async\" width=\"1024\" height=\"768\" src=\"https:\/\/przedszkole4.slawno.pl\/wp-content\/uploads\/2026\/04\/DNI-TEATRU-2-1024x768.jpg\" alt=\"DZIECI BIOR\u0104 UDZIA\u0141 W PRZEDSTAWIENIU ,,ZACZAROWANY POCI\u0104G&quot;.\" class=\"wp-image-10639\" srcset=\"http:\/\/przedszkole4.slawno.pl\/wp-content\/uploads\/2026\/04\/DNI-TEATRU-2-1024x768.jpg 1024w, http:\/\/przedszkole4.slawno.pl\/wp-content\/uploads\/2026\/04\/DNI-TEATRU-2-300x225.jpg 300w, http:\/\/przedszkole4.slawno.pl\/wp-content\/uploads\/2026\/04\/DNI-TEATRU-2-768x576.jpg 768w, http:\/\/przedszkole4.slawno.pl\/wp-content\/uploads\/2026\/04\/DNI-TEATRU-2.jpg 1170w\" sizes=\"auto, (max-width: 709px) 85vw, (max-width: 909px) 67vw, (max-width: 1362px) 62vw, 840px\" \/><\/figure>\n\n\n\n<figure class=\"wp-block-image size-large\"><img loading=\"lazy\" decoding=\"async\" width=\"1024\" height=\"768\" src=\"https:\/\/przedszkole4.slawno.pl\/wp-content\/uploads\/2026\/04\/DNI-TEATRU-1024x768.jpg\" alt=\"DZIECI BIOR\u0104 UDZIA\u0141 W PRZEDSTAWIENIU ,,ZACZAROWANY POCI\u0104G&quot;.\" class=\"wp-image-10640\" srcset=\"http:\/\/przedszkole4.slawno.pl\/wp-content\/uploads\/2026\/04\/DNI-TEATRU-1024x768.jpg 1024w, http:\/\/przedszkole4.slawno.pl\/wp-content\/uploads\/2026\/04\/DNI-TEATRU-300x225.jpg 300w, http:\/\/przedszkole4.slawno.pl\/wp-content\/uploads\/2026\/04\/DNI-TEATRU-768x576.jpg 768w, http:\/\/przedszkole4.slawno.pl\/wp-content\/uploads\/2026\/04\/DNI-TEATRU.jpg 1170w\" sizes=\"auto, (max-width: 709px) 85vw, (max-width: 909px) 67vw, (max-width: 1362px) 62vw, 840px\" \/><\/figure>\n","protected":false},"excerpt":{"rendered":"","protected":false},"author":6,"featured_media":0,"comment_status":"closed","ping_status":"closed","sticky":false,"template":"","format":"standard","meta":{"footnotes":""},"categories":[1,24],"tags":[],"class_list":["post-10638","post","type-post","status-publish","format-standard","hentry","category-bez-kategorii","category-echosr"],"yoast_head":"<!-- This site is optimized with the Yoast SEO plugin v27.5 - https:\/\/yoast.com\/product\/yoast-seo-wordpress\/ -->\n<title>DNI TEATRU W NASZEJ GRUPIE - PRZEDSTAWIENIE ,,ZACZAROWANY POCI\u0104G&quot;! - Przedszkole nr 4 im. Krasnala Ha\u0142aba\u0142y, \u017b\u0142obek Miejski w S\u0142awnie<\/title>\n<meta name=\"robots\" content=\"index, follow, max-snippet:-1, max-image-preview:large, max-video-preview:-1\" \/>\n<link rel=\"canonical\" href=\"https:\/\/przedszkole4.slawno.pl\/?p=10638\" \/>\n<meta name=\"twitter:card\" content=\"summary_large_image\" \/>\n<meta name=\"twitter:title\" content=\"DNI TEATRU W NASZEJ GRUPIE - PRZEDSTAWIENIE ,,ZACZAROWANY POCI\u0104G&quot;! - Przedszkole nr 4 im. Krasnala Ha\u0142aba\u0142y, \u017b\u0142obek Miejski w S\u0142awnie\" \/>\n<meta name=\"twitter:image\" content=\"http:\/\/przedszkole4.slawno.pl\/wp-content\/uploads\/2026\/04\/DNI-TEATRU-2.jpg\" \/>\n<meta name=\"twitter:label1\" content=\"Napisane przez\" \/>\n\t<meta name=\"twitter:data1\" content=\"Anetta Sur\u00f3wka\" \/>\n<script type=\"application\/ld+json\" class=\"yoast-schema-graph\">{\"@context\":\"https:\\\/\\\/schema.org\",\"@graph\":[{\"@type\":\"Article\",\"@id\":\"https:\\\/\\\/przedszkole4.slawno.pl\\\/?p=10638#article\",\"isPartOf\":{\"@id\":\"https:\\\/\\\/przedszkole4.slawno.pl\\\/?p=10638\"},\"author\":{\"name\":\"Anetta Sur\u00f3wka\",\"@id\":\"http:\\\/\\\/przedszkole4.slawno.pl\\\/#\\\/schema\\\/person\\\/5b06c94b89795386546b0eb372a2abe0\"},\"headline\":\"DNI TEATRU W NASZEJ GRUPIE &#8211; PRZEDSTAWIENIE ,,ZACZAROWANY POCI\u0104G&#8221;!\",\"datePublished\":\"2026-04-21T11:40:45+00:00\",\"dateModified\":\"2026-04-23T11:42:17+00:00\",\"mainEntityOfPage\":{\"@id\":\"https:\\\/\\\/przedszkole4.slawno.pl\\\/?p=10638\"},\"wordCount\":10,\"image\":{\"@id\":\"https:\\\/\\\/przedszkole4.slawno.pl\\\/?p=10638#primaryimage\"},\"thumbnailUrl\":\"https:\\\/\\\/przedszkole4.slawno.pl\\\/wp-content\\\/uploads\\\/2026\\\/04\\\/DNI-TEATRU-2-1024x768.jpg\",\"articleSection\":[\"Brak kategorii\",\"Echo grupy - \u015aredniaki\"],\"inLanguage\":\"pl-PL\"},{\"@type\":\"WebPage\",\"@id\":\"https:\\\/\\\/przedszkole4.slawno.pl\\\/?p=10638\",\"url\":\"https:\\\/\\\/przedszkole4.slawno.pl\\\/?p=10638\",\"name\":\"DNI TEATRU W NASZEJ GRUPIE - PRZEDSTAWIENIE ,,ZACZAROWANY POCI\u0104G\\\"! - Przedszkole nr 4 im. Krasnala Ha\u0142aba\u0142y, \u017b\u0142obek Miejski w S\u0142awnie\",\"isPartOf\":{\"@id\":\"http:\\\/\\\/przedszkole4.slawno.pl\\\/#website\"},\"primaryImageOfPage\":{\"@id\":\"https:\\\/\\\/przedszkole4.slawno.pl\\\/?p=10638#primaryimage\"},\"image\":{\"@id\":\"https:\\\/\\\/przedszkole4.slawno.pl\\\/?p=10638#primaryimage\"},\"thumbnailUrl\":\"https:\\\/\\\/przedszkole4.slawno.pl\\\/wp-content\\\/uploads\\\/2026\\\/04\\\/DNI-TEATRU-2-1024x768.jpg\",\"datePublished\":\"2026-04-21T11:40:45+00:00\",\"dateModified\":\"2026-04-23T11:42:17+00:00\",\"author\":{\"@id\":\"http:\\\/\\\/przedszkole4.slawno.pl\\\/#\\\/schema\\\/person\\\/5b06c94b89795386546b0eb372a2abe0\"},\"breadcrumb\":{\"@id\":\"https:\\\/\\\/przedszkole4.slawno.pl\\\/?p=10638#breadcrumb\"},\"inLanguage\":\"pl-PL\",\"potentialAction\":[{\"@type\":\"ReadAction\",\"target\":[\"https:\\\/\\\/przedszkole4.slawno.pl\\\/?p=10638\"]}]},{\"@type\":\"ImageObject\",\"inLanguage\":\"pl-PL\",\"@id\":\"https:\\\/\\\/przedszkole4.slawno.pl\\\/?p=10638#primaryimage\",\"url\":\"http:\\\/\\\/przedszkole4.slawno.pl\\\/wp-content\\\/uploads\\\/2026\\\/04\\\/DNI-TEATRU-2.jpg\",\"contentUrl\":\"http:\\\/\\\/przedszkole4.slawno.pl\\\/wp-content\\\/uploads\\\/2026\\\/04\\\/DNI-TEATRU-2.jpg\",\"width\":1170,\"height\":878},{\"@type\":\"BreadcrumbList\",\"@id\":\"https:\\\/\\\/przedszkole4.slawno.pl\\\/?p=10638#breadcrumb\",\"itemListElement\":[{\"@type\":\"ListItem\",\"position\":1,\"name\":\"Strona g\u0142\u00f3wna\",\"item\":\"http:\\\/\\\/przedszkole4.slawno.pl\\\/\"},{\"@type\":\"ListItem\",\"position\":2,\"name\":\"DNI TEATRU W NASZEJ GRUPIE &#8211; PRZEDSTAWIENIE ,,ZACZAROWANY POCI\u0104G&#8221;!\"}]},{\"@type\":\"WebSite\",\"@id\":\"http:\\\/\\\/przedszkole4.slawno.pl\\\/#website\",\"url\":\"http:\\\/\\\/przedszkole4.slawno.pl\\\/\",\"name\":\"Przedszkole nr 4 im. Krasnala Ha\u0142aba\u0142y, \u017b\u0142obek Miejski w S\u0142awnie\",\"description\":\"Krasnal Ha\u0142aba\u0142a\",\"potentialAction\":[{\"@type\":\"SearchAction\",\"target\":{\"@type\":\"EntryPoint\",\"urlTemplate\":\"http:\\\/\\\/przedszkole4.slawno.pl\\\/?s={search_term_string}\"},\"query-input\":{\"@type\":\"PropertyValueSpecification\",\"valueRequired\":true,\"valueName\":\"search_term_string\"}}],\"inLanguage\":\"pl-PL\"},{\"@type\":\"Person\",\"@id\":\"http:\\\/\\\/przedszkole4.slawno.pl\\\/#\\\/schema\\\/person\\\/5b06c94b89795386546b0eb372a2abe0\",\"name\":\"Anetta Sur\u00f3wka\",\"sameAs\":[\"http:\\\/\\\/przedszkole4.slawno.pl\"],\"url\":\"http:\\\/\\\/przedszkole4.slawno.pl\\\/?author=6\"}]}<\/script>\n<!-- \/ Yoast SEO plugin. -->","yoast_head_json":{"title":"DNI TEATRU W NASZEJ GRUPIE - PRZEDSTAWIENIE ,,ZACZAROWANY POCI\u0104G\"! - Przedszkole nr 4 im. Krasnala Ha\u0142aba\u0142y, \u017b\u0142obek Miejski w S\u0142awnie","robots":{"index":"index","follow":"follow","max-snippet":"max-snippet:-1","max-image-preview":"max-image-preview:large","max-video-preview":"max-video-preview:-1"},"canonical":"https:\/\/przedszkole4.slawno.pl\/?p=10638","twitter_card":"summary_large_image","twitter_title":"DNI TEATRU W NASZEJ GRUPIE - PRZEDSTAWIENIE ,,ZACZAROWANY POCI\u0104G\"! - Przedszkole nr 4 im. Krasnala Ha\u0142aba\u0142y, \u017b\u0142obek Miejski w S\u0142awnie","twitter_image":"http:\/\/przedszkole4.slawno.pl\/wp-content\/uploads\/2026\/04\/DNI-TEATRU-2.jpg","twitter_misc":{"Napisane przez":"Anetta Sur\u00f3wka"},"schema":{"@context":"https:\/\/schema.org","@graph":[{"@type":"Article","@id":"https:\/\/przedszkole4.slawno.pl\/?p=10638#article","isPartOf":{"@id":"https:\/\/przedszkole4.slawno.pl\/?p=10638"},"author":{"name":"Anetta Sur\u00f3wka","@id":"http:\/\/przedszkole4.slawno.pl\/#\/schema\/person\/5b06c94b89795386546b0eb372a2abe0"},"headline":"DNI TEATRU W NASZEJ GRUPIE &#8211; PRZEDSTAWIENIE ,,ZACZAROWANY POCI\u0104G&#8221;!","datePublished":"2026-04-21T11:40:45+00:00","dateModified":"2026-04-23T11:42:17+00:00","mainEntityOfPage":{"@id":"https:\/\/przedszkole4.slawno.pl\/?p=10638"},"wordCount":10,"image":{"@id":"https:\/\/przedszkole4.slawno.pl\/?p=10638#primaryimage"},"thumbnailUrl":"https:\/\/przedszkole4.slawno.pl\/wp-content\/uploads\/2026\/04\/DNI-TEATRU-2-1024x768.jpg","articleSection":["Brak kategorii","Echo grupy - \u015aredniaki"],"inLanguage":"pl-PL"},{"@type":"WebPage","@id":"https:\/\/przedszkole4.slawno.pl\/?p=10638","url":"https:\/\/przedszkole4.slawno.pl\/?p=10638","name":"DNI TEATRU W NASZEJ GRUPIE - PRZEDSTAWIENIE ,,ZACZAROWANY POCI\u0104G\"! - Przedszkole nr 4 im. Krasnala Ha\u0142aba\u0142y, \u017b\u0142obek Miejski w S\u0142awnie","isPartOf":{"@id":"http:\/\/przedszkole4.slawno.pl\/#website"},"primaryImageOfPage":{"@id":"https:\/\/przedszkole4.slawno.pl\/?p=10638#primaryimage"},"image":{"@id":"https:\/\/przedszkole4.slawno.pl\/?p=10638#primaryimage"},"thumbnailUrl":"https:\/\/przedszkole4.slawno.pl\/wp-content\/uploads\/2026\/04\/DNI-TEATRU-2-1024x768.jpg","datePublished":"2026-04-21T11:40:45+00:00","dateModified":"2026-04-23T11:42:17+00:00","author":{"@id":"http:\/\/przedszkole4.slawno.pl\/#\/schema\/person\/5b06c94b89795386546b0eb372a2abe0"},"breadcrumb":{"@id":"https:\/\/przedszkole4.slawno.pl\/?p=10638#breadcrumb"},"inLanguage":"pl-PL","potentialAction":[{"@type":"ReadAction","target":["https:\/\/przedszkole4.slawno.pl\/?p=10638"]}]},{"@type":"ImageObject","inLanguage":"pl-PL","@id":"https:\/\/przedszkole4.slawno.pl\/?p=10638#primaryimage","url":"http:\/\/przedszkole4.slawno.pl\/wp-content\/uploads\/2026\/04\/DNI-TEATRU-2.jpg","contentUrl":"http:\/\/przedszkole4.slawno.pl\/wp-content\/uploads\/2026\/04\/DNI-TEATRU-2.jpg","width":1170,"height":878},{"@type":"BreadcrumbList","@id":"https:\/\/przedszkole4.slawno.pl\/?p=10638#breadcrumb","itemListElement":[{"@type":"ListItem","position":1,"name":"Strona g\u0142\u00f3wna","item":"http:\/\/przedszkole4.slawno.pl\/"},{"@type":"ListItem","position":2,"name":"DNI TEATRU W NASZEJ GRUPIE &#8211; PRZEDSTAWIENIE ,,ZACZAROWANY POCI\u0104G&#8221;!"}]},{"@type":"WebSite","@id":"http:\/\/przedszkole4.slawno.pl\/#website","url":"http:\/\/przedszkole4.slawno.pl\/","name":"Przedszkole nr 4 im. Krasnala Ha\u0142aba\u0142y, \u017b\u0142obek Miejski w S\u0142awnie","description":"Krasnal Ha\u0142aba\u0142a","potentialAction":[{"@type":"SearchAction","target":{"@type":"EntryPoint","urlTemplate":"http:\/\/przedszkole4.slawno.pl\/?s={search_term_string}"},"query-input":{"@type":"PropertyValueSpecification","valueRequired":true,"valueName":"search_term_string"}}],"inLanguage":"pl-PL"},{"@type":"Person","@id":"http:\/\/przedszkole4.slawno.pl\/#\/schema\/person\/5b06c94b89795386546b0eb372a2abe0","name":"Anetta Sur\u00f3wka","sameAs":["http:\/\/przedszkole4.slawno.pl"],"url":"http:\/\/przedszkole4.slawno.pl\/?author=6"}]}},"_links":{"self":[{"href":"http:\/\/przedszkole4.slawno.pl\/index.php?rest_route=\/wp\/v2\/posts\/10638","targetHints":{"allow":["GET"]}}],"collection":[{"href":"http:\/\/przedszkole4.slawno.pl\/index.php?rest_route=\/wp\/v2\/posts"}],"about":[{"href":"http:\/\/przedszkole4.slawno.pl\/index.php?rest_route=\/wp\/v2\/types\/post"}],"author":[{"embeddable":true,"href":"http:\/\/przedszkole4.slawno.pl\/index.php?rest_route=\/wp\/v2\/users\/6"}],"replies":[{"embeddable":true,"href":"http:\/\/przedszkole4.slawno.pl\/index.php?rest_route=%2Fwp%2Fv2%2Fcomments&post=10638"}],"version-history":[{"count":1,"href":"http:\/\/przedszkole4.slawno.pl\/index.php?rest_route=\/wp\/v2\/posts\/10638\/revisions"}],"predecessor-version":[{"id":10641,"href":"http:\/\/przedszkole4.slawno.pl\/index.php?rest_route=\/wp\/v2\/posts\/10638\/revisions\/10641"}],"wp:attachment":[{"href":"http:\/\/przedszkole4.slawno.pl\/index.php?rest_route=%2Fwp%2Fv2%2Fmedia&parent=10638"}],"wp:term":[{"taxonomy":"category","embeddable":true,"href":"http:\/\/przedszkole4.slawno.pl\/index.php?rest_route=%2Fwp%2Fv2%2Fcategories&post=10638"},{"taxonomy":"post_tag","embeddable":true,"href":"http:\/\/przedszkole4.slawno.pl\/index.php?rest_route=%2Fwp%2Fv2%2Ftags&post=10638"}],"curies":[{"name":"wp","href":"https:\/\/api.w.org\/{rel}","templated":true}]}}