{"id":4138,"date":"2023-04-03T15:25:07","date_gmt":"2023-04-03T13:25:07","guid":{"rendered":"http:\/\/przedszkole4.slawno.pl\/?p=4138"},"modified":"2023-04-03T15:25:08","modified_gmt":"2023-04-03T13:25:08","slug":"konkurs-niebieskie-okulary","status":"publish","type":"post","link":"http:\/\/przedszkole4.slawno.pl\/?p=4138","title":{"rendered":"Konkurs &#8222;Niebieskie okulary&#8221;"},"content":{"rendered":"\n<figure class=\"wp-block-gallery has-nested-images columns-default is-cropped wp-block-gallery-1 is-layout-flex wp-block-gallery-is-layout-flex\">\n<figure class=\"wp-block-image size-large\"><img loading=\"lazy\" decoding=\"async\" width=\"1024\" height=\"683\" data-id=\"4139\" src=\"http:\/\/przedszkole4.slawno.pl\/wp-content\/uploads\/2023\/04\/maluchy-1024x683.jpg\" alt=\"Prace konkursowe &quot;Niebieskie okulary&quot;\" class=\"wp-image-4139\" srcset=\"http:\/\/przedszkole4.slawno.pl\/wp-content\/uploads\/2023\/04\/maluchy-1024x683.jpg 1024w, http:\/\/przedszkole4.slawno.pl\/wp-content\/uploads\/2023\/04\/maluchy-300x200.jpg 300w, http:\/\/przedszkole4.slawno.pl\/wp-content\/uploads\/2023\/04\/maluchy-768x512.jpg 768w, http:\/\/przedszkole4.slawno.pl\/wp-content\/uploads\/2023\/04\/maluchy-1536x1024.jpg 1536w, http:\/\/przedszkole4.slawno.pl\/wp-content\/uploads\/2023\/04\/maluchy-2048x1365.jpg 2048w, http:\/\/przedszkole4.slawno.pl\/wp-content\/uploads\/2023\/04\/maluchy-1200x800.jpg 1200w\" sizes=\"auto, (max-width: 709px) 85vw, (max-width: 909px) 67vw, (max-width: 1362px) 62vw, 840px\" \/><\/figure>\n<\/figure>\n\n\n\n<figure class=\"wp-block-image size-large\"><img loading=\"lazy\" decoding=\"async\" width=\"1024\" height=\"683\" src=\"http:\/\/przedszkole4.slawno.pl\/wp-content\/uploads\/2023\/04\/IMG_3314-1024x683.jpg\" alt=\"Pani dyrektor wr\u0119cza Micha\u0142owi nagrod\u0119 oraz dyplom za udzia\u0142 w konkursie &quot;Niebieskie okulary&quot;\" class=\"wp-image-4140\" srcset=\"http:\/\/przedszkole4.slawno.pl\/wp-content\/uploads\/2023\/04\/IMG_3314-1024x683.jpg 1024w, http:\/\/przedszkole4.slawno.pl\/wp-content\/uploads\/2023\/04\/IMG_3314-300x200.jpg 300w, http:\/\/przedszkole4.slawno.pl\/wp-content\/uploads\/2023\/04\/IMG_3314-768x512.jpg 768w, http:\/\/przedszkole4.slawno.pl\/wp-content\/uploads\/2023\/04\/IMG_3314-1536x1024.jpg 1536w, http:\/\/przedszkole4.slawno.pl\/wp-content\/uploads\/2023\/04\/IMG_3314-2048x1365.jpg 2048w, http:\/\/przedszkole4.slawno.pl\/wp-content\/uploads\/2023\/04\/IMG_3314-1200x800.jpg 1200w\" sizes=\"auto, (max-width: 709px) 85vw, (max-width: 909px) 67vw, (max-width: 1362px) 62vw, 840px\" \/><\/figure>\n\n\n\n<figure class=\"wp-block-image size-large\"><img loading=\"lazy\" decoding=\"async\" width=\"683\" height=\"1024\" src=\"http:\/\/przedszkole4.slawno.pl\/wp-content\/uploads\/2023\/04\/IMG_3312-683x1024.jpg\" alt=\"Pani dyrektor wr\u0119cza Antosi nagrod\u0119 oraz dyplom za udzia\u0142 w konkursie &quot;Niebieskie okulary&quot;\" class=\"wp-image-4141\" srcset=\"http:\/\/przedszkole4.slawno.pl\/wp-content\/uploads\/2023\/04\/IMG_3312-683x1024.jpg 683w, http:\/\/przedszkole4.slawno.pl\/wp-content\/uploads\/2023\/04\/IMG_3312-200x300.jpg 200w, http:\/\/przedszkole4.slawno.pl\/wp-content\/uploads\/2023\/04\/IMG_3312-768x1152.jpg 768w, http:\/\/przedszkole4.slawno.pl\/wp-content\/uploads\/2023\/04\/IMG_3312-1024x1536.jpg 1024w, http:\/\/przedszkole4.slawno.pl\/wp-content\/uploads\/2023\/04\/IMG_3312-1365x2048.jpg 1365w, http:\/\/przedszkole4.slawno.pl\/wp-content\/uploads\/2023\/04\/IMG_3312-1200x1800.jpg 1200w, http:\/\/przedszkole4.slawno.pl\/wp-content\/uploads\/2023\/04\/IMG_3312-scaled.jpg 1707w\" sizes=\"auto, (max-width: 709px) 85vw, (max-width: 909px) 67vw, (max-width: 984px) 61vw, (max-width: 1362px) 45vw, 600px\" \/><\/figure>\n","protected":false},"excerpt":{"rendered":"","protected":false},"author":4,"featured_media":0,"comment_status":"closed","ping_status":"closed","sticky":false,"template":"","format":"standard","meta":{"footnotes":""},"categories":[23],"tags":[],"class_list":["post-4138","post","type-post","status-publish","format-standard","hentry","category-echomal"],"yoast_head":"<!-- This site is optimized with the Yoast SEO plugin v27.4 - https:\/\/yoast.com\/product\/yoast-seo-wordpress\/ -->\n<title>Konkurs &quot;Niebieskie okulary&quot; - Przedszkole nr 4 im. Krasnala Ha\u0142aba\u0142y, \u017b\u0142obek Miejski w S\u0142awnie<\/title>\n<meta name=\"robots\" content=\"index, follow, max-snippet:-1, max-image-preview:large, max-video-preview:-1\" \/>\n<link rel=\"canonical\" href=\"http:\/\/przedszkole4.slawno.pl\/?p=4138\" \/>\n<meta name=\"twitter:card\" content=\"summary_large_image\" \/>\n<meta name=\"twitter:title\" content=\"Konkurs &quot;Niebieskie okulary&quot; - Przedszkole nr 4 im. Krasnala Ha\u0142aba\u0142y, \u017b\u0142obek Miejski w S\u0142awnie\" \/>\n<meta name=\"twitter:image\" content=\"http:\/\/przedszkole4.slawno.pl\/wp-content\/uploads\/2023\/04\/maluchy-1024x683.jpg\" \/>\n<meta name=\"twitter:label1\" content=\"Napisane przez\" \/>\n\t<meta name=\"twitter:data1\" content=\"Sylwia Ko\u015bka\" \/>\n<script type=\"application\/ld+json\" class=\"yoast-schema-graph\">{\"@context\":\"https:\\\/\\\/schema.org\",\"@graph\":[{\"@type\":\"Article\",\"@id\":\"http:\\\/\\\/przedszkole4.slawno.pl\\\/?p=4138#article\",\"isPartOf\":{\"@id\":\"http:\\\/\\\/przedszkole4.slawno.pl\\\/?p=4138\"},\"author\":{\"name\":\"Sylwia Ko\u015bka\",\"@id\":\"https:\\\/\\\/przedszkole4.slawno.pl\\\/#\\\/schema\\\/person\\\/3f1f73f8b8e61cb56b468b61f85adc11\"},\"headline\":\"Konkurs &#8222;Niebieskie okulary&#8221;\",\"datePublished\":\"2023-04-03T13:25:07+00:00\",\"dateModified\":\"2023-04-03T13:25:08+00:00\",\"mainEntityOfPage\":{\"@id\":\"http:\\\/\\\/przedszkole4.slawno.pl\\\/?p=4138\"},\"wordCount\":3,\"image\":{\"@id\":\"http:\\\/\\\/przedszkole4.slawno.pl\\\/?p=4138#primaryimage\"},\"thumbnailUrl\":\"http:\\\/\\\/przedszkole4.slawno.pl\\\/wp-content\\\/uploads\\\/2023\\\/04\\\/maluchy-1024x683.jpg\",\"articleSection\":[\"Echo grupy - Maluchy\"],\"inLanguage\":\"pl-PL\"},{\"@type\":\"WebPage\",\"@id\":\"http:\\\/\\\/przedszkole4.slawno.pl\\\/?p=4138\",\"url\":\"http:\\\/\\\/przedszkole4.slawno.pl\\\/?p=4138\",\"name\":\"Konkurs \\\"Niebieskie okulary\\\" - Przedszkole nr 4 im. Krasnala Ha\u0142aba\u0142y, \u017b\u0142obek Miejski w S\u0142awnie\",\"isPartOf\":{\"@id\":\"https:\\\/\\\/przedszkole4.slawno.pl\\\/#website\"},\"primaryImageOfPage\":{\"@id\":\"http:\\\/\\\/przedszkole4.slawno.pl\\\/?p=4138#primaryimage\"},\"image\":{\"@id\":\"http:\\\/\\\/przedszkole4.slawno.pl\\\/?p=4138#primaryimage\"},\"thumbnailUrl\":\"http:\\\/\\\/przedszkole4.slawno.pl\\\/wp-content\\\/uploads\\\/2023\\\/04\\\/maluchy-1024x683.jpg\",\"datePublished\":\"2023-04-03T13:25:07+00:00\",\"dateModified\":\"2023-04-03T13:25:08+00:00\",\"author\":{\"@id\":\"https:\\\/\\\/przedszkole4.slawno.pl\\\/#\\\/schema\\\/person\\\/3f1f73f8b8e61cb56b468b61f85adc11\"},\"breadcrumb\":{\"@id\":\"http:\\\/\\\/przedszkole4.slawno.pl\\\/?p=4138#breadcrumb\"},\"inLanguage\":\"pl-PL\",\"potentialAction\":[{\"@type\":\"ReadAction\",\"target\":[\"http:\\\/\\\/przedszkole4.slawno.pl\\\/?p=4138\"]}]},{\"@type\":\"ImageObject\",\"inLanguage\":\"pl-PL\",\"@id\":\"http:\\\/\\\/przedszkole4.slawno.pl\\\/?p=4138#primaryimage\",\"url\":\"http:\\\/\\\/przedszkole4.slawno.pl\\\/wp-content\\\/uploads\\\/2023\\\/04\\\/maluchy-1024x683.jpg\",\"contentUrl\":\"http:\\\/\\\/przedszkole4.slawno.pl\\\/wp-content\\\/uploads\\\/2023\\\/04\\\/maluchy-1024x683.jpg\"},{\"@type\":\"BreadcrumbList\",\"@id\":\"http:\\\/\\\/przedszkole4.slawno.pl\\\/?p=4138#breadcrumb\",\"itemListElement\":[{\"@type\":\"ListItem\",\"position\":1,\"name\":\"Strona g\u0142\u00f3wna\",\"item\":\"https:\\\/\\\/przedszkole4.slawno.pl\\\/\"},{\"@type\":\"ListItem\",\"position\":2,\"name\":\"Konkurs &#8222;Niebieskie okulary&#8221;\"}]},{\"@type\":\"WebSite\",\"@id\":\"https:\\\/\\\/przedszkole4.slawno.pl\\\/#website\",\"url\":\"https:\\\/\\\/przedszkole4.slawno.pl\\\/\",\"name\":\"Przedszkole nr 4 im. Krasnala Ha\u0142aba\u0142y, \u017b\u0142obek Miejski w S\u0142awnie\",\"description\":\"Krasnal Ha\u0142aba\u0142a\",\"potentialAction\":[{\"@type\":\"SearchAction\",\"target\":{\"@type\":\"EntryPoint\",\"urlTemplate\":\"https:\\\/\\\/przedszkole4.slawno.pl\\\/?s={search_term_string}\"},\"query-input\":{\"@type\":\"PropertyValueSpecification\",\"valueRequired\":true,\"valueName\":\"search_term_string\"}}],\"inLanguage\":\"pl-PL\"},{\"@type\":\"Person\",\"@id\":\"https:\\\/\\\/przedszkole4.slawno.pl\\\/#\\\/schema\\\/person\\\/3f1f73f8b8e61cb56b468b61f85adc11\",\"name\":\"Sylwia Ko\u015bka\",\"sameAs\":[\"http:\\\/\\\/przedszkole4.slawno.pl\"],\"url\":\"http:\\\/\\\/przedszkole4.slawno.pl\\\/?author=4\"}]}<\/script>\n<!-- \/ Yoast SEO plugin. -->","yoast_head_json":{"title":"Konkurs \"Niebieskie okulary\" - Przedszkole nr 4 im. Krasnala Ha\u0142aba\u0142y, \u017b\u0142obek Miejski w S\u0142awnie","robots":{"index":"index","follow":"follow","max-snippet":"max-snippet:-1","max-image-preview":"max-image-preview:large","max-video-preview":"max-video-preview:-1"},"canonical":"http:\/\/przedszkole4.slawno.pl\/?p=4138","twitter_card":"summary_large_image","twitter_title":"Konkurs \"Niebieskie okulary\" - Przedszkole nr 4 im. Krasnala Ha\u0142aba\u0142y, \u017b\u0142obek Miejski w S\u0142awnie","twitter_image":"http:\/\/przedszkole4.slawno.pl\/wp-content\/uploads\/2023\/04\/maluchy-1024x683.jpg","twitter_misc":{"Napisane przez":"Sylwia Ko\u015bka"},"schema":{"@context":"https:\/\/schema.org","@graph":[{"@type":"Article","@id":"http:\/\/przedszkole4.slawno.pl\/?p=4138#article","isPartOf":{"@id":"http:\/\/przedszkole4.slawno.pl\/?p=4138"},"author":{"name":"Sylwia Ko\u015bka","@id":"https:\/\/przedszkole4.slawno.pl\/#\/schema\/person\/3f1f73f8b8e61cb56b468b61f85adc11"},"headline":"Konkurs &#8222;Niebieskie okulary&#8221;","datePublished":"2023-04-03T13:25:07+00:00","dateModified":"2023-04-03T13:25:08+00:00","mainEntityOfPage":{"@id":"http:\/\/przedszkole4.slawno.pl\/?p=4138"},"wordCount":3,"image":{"@id":"http:\/\/przedszkole4.slawno.pl\/?p=4138#primaryimage"},"thumbnailUrl":"http:\/\/przedszkole4.slawno.pl\/wp-content\/uploads\/2023\/04\/maluchy-1024x683.jpg","articleSection":["Echo grupy - Maluchy"],"inLanguage":"pl-PL"},{"@type":"WebPage","@id":"http:\/\/przedszkole4.slawno.pl\/?p=4138","url":"http:\/\/przedszkole4.slawno.pl\/?p=4138","name":"Konkurs \"Niebieskie okulary\" - Przedszkole nr 4 im. Krasnala Ha\u0142aba\u0142y, \u017b\u0142obek Miejski w S\u0142awnie","isPartOf":{"@id":"https:\/\/przedszkole4.slawno.pl\/#website"},"primaryImageOfPage":{"@id":"http:\/\/przedszkole4.slawno.pl\/?p=4138#primaryimage"},"image":{"@id":"http:\/\/przedszkole4.slawno.pl\/?p=4138#primaryimage"},"thumbnailUrl":"http:\/\/przedszkole4.slawno.pl\/wp-content\/uploads\/2023\/04\/maluchy-1024x683.jpg","datePublished":"2023-04-03T13:25:07+00:00","dateModified":"2023-04-03T13:25:08+00:00","author":{"@id":"https:\/\/przedszkole4.slawno.pl\/#\/schema\/person\/3f1f73f8b8e61cb56b468b61f85adc11"},"breadcrumb":{"@id":"http:\/\/przedszkole4.slawno.pl\/?p=4138#breadcrumb"},"inLanguage":"pl-PL","potentialAction":[{"@type":"ReadAction","target":["http:\/\/przedszkole4.slawno.pl\/?p=4138"]}]},{"@type":"ImageObject","inLanguage":"pl-PL","@id":"http:\/\/przedszkole4.slawno.pl\/?p=4138#primaryimage","url":"http:\/\/przedszkole4.slawno.pl\/wp-content\/uploads\/2023\/04\/maluchy-1024x683.jpg","contentUrl":"http:\/\/przedszkole4.slawno.pl\/wp-content\/uploads\/2023\/04\/maluchy-1024x683.jpg"},{"@type":"BreadcrumbList","@id":"http:\/\/przedszkole4.slawno.pl\/?p=4138#breadcrumb","itemListElement":[{"@type":"ListItem","position":1,"name":"Strona g\u0142\u00f3wna","item":"https:\/\/przedszkole4.slawno.pl\/"},{"@type":"ListItem","position":2,"name":"Konkurs &#8222;Niebieskie okulary&#8221;"}]},{"@type":"WebSite","@id":"https:\/\/przedszkole4.slawno.pl\/#website","url":"https:\/\/przedszkole4.slawno.pl\/","name":"Przedszkole nr 4 im. Krasnala Ha\u0142aba\u0142y, \u017b\u0142obek Miejski w S\u0142awnie","description":"Krasnal Ha\u0142aba\u0142a","potentialAction":[{"@type":"SearchAction","target":{"@type":"EntryPoint","urlTemplate":"https:\/\/przedszkole4.slawno.pl\/?s={search_term_string}"},"query-input":{"@type":"PropertyValueSpecification","valueRequired":true,"valueName":"search_term_string"}}],"inLanguage":"pl-PL"},{"@type":"Person","@id":"https:\/\/przedszkole4.slawno.pl\/#\/schema\/person\/3f1f73f8b8e61cb56b468b61f85adc11","name":"Sylwia Ko\u015bka","sameAs":["http:\/\/przedszkole4.slawno.pl"],"url":"http:\/\/przedszkole4.slawno.pl\/?author=4"}]}},"_links":{"self":[{"href":"http:\/\/przedszkole4.slawno.pl\/index.php?rest_route=\/wp\/v2\/posts\/4138","targetHints":{"allow":["GET"]}}],"collection":[{"href":"http:\/\/przedszkole4.slawno.pl\/index.php?rest_route=\/wp\/v2\/posts"}],"about":[{"href":"http:\/\/przedszkole4.slawno.pl\/index.php?rest_route=\/wp\/v2\/types\/post"}],"author":[{"embeddable":true,"href":"http:\/\/przedszkole4.slawno.pl\/index.php?rest_route=\/wp\/v2\/users\/4"}],"replies":[{"embeddable":true,"href":"http:\/\/przedszkole4.slawno.pl\/index.php?rest_route=%2Fwp%2Fv2%2Fcomments&post=4138"}],"version-history":[{"count":1,"href":"http:\/\/przedszkole4.slawno.pl\/index.php?rest_route=\/wp\/v2\/posts\/4138\/revisions"}],"predecessor-version":[{"id":4142,"href":"http:\/\/przedszkole4.slawno.pl\/index.php?rest_route=\/wp\/v2\/posts\/4138\/revisions\/4142"}],"wp:attachment":[{"href":"http:\/\/przedszkole4.slawno.pl\/index.php?rest_route=%2Fwp%2Fv2%2Fmedia&parent=4138"}],"wp:term":[{"taxonomy":"category","embeddable":true,"href":"http:\/\/przedszkole4.slawno.pl\/index.php?rest_route=%2Fwp%2Fv2%2Fcategories&post=4138"},{"taxonomy":"post_tag","embeddable":true,"href":"http:\/\/przedszkole4.slawno.pl\/index.php?rest_route=%2Fwp%2Fv2%2Ftags&post=4138"}],"curies":[{"name":"wp","href":"https:\/\/api.w.org\/{rel}","templated":true}]}}