{"id":5438,"date":"2023-10-17T13:57:01","date_gmt":"2023-10-17T11:57:01","guid":{"rendered":"http:\/\/przedszkole4.slawno.pl\/?p=5438"},"modified":"2023-10-17T13:57:03","modified_gmt":"2023-10-17T11:57:03","slug":"audycja-umuzykalniajaca-3","status":"publish","type":"post","link":"http:\/\/przedszkole4.slawno.pl\/?p=5438","title":{"rendered":"AUDYCJA UMUZYKALNIAJ\u0104CA"},"content":{"rendered":"\n<p>Dzieci z Przedszkola Krasnala Ha\u0142aba\u0142y uczestniczy\u0142y w audycji umuzykalniaj\u0105cej  pt.\u201d Czerwony kapturek\u201d. Audycj\u0119 przygotowali arty\u015bci z Agencji Artystycznej \u201eARTIZMA\u201d. <\/p>\n\n\n\n<figure class=\"wp-block-image size-large is-resized\"><img loading=\"lazy\" decoding=\"async\" width=\"768\" height=\"1024\" src=\"http:\/\/przedszkole4.slawno.pl\/wp-content\/uploads\/2023\/10\/370624471_269488109408164_2094408286832032440_n-768x1024.jpg\" alt=\"arty\u015bci z Agencji Artystycznej ARTIZMA pokazuj\u0105 dzieciom instrumenty\" class=\"wp-image-5439\" style=\"aspect-ratio:0.75;width:840px;height:auto\" srcset=\"http:\/\/przedszkole4.slawno.pl\/wp-content\/uploads\/2023\/10\/370624471_269488109408164_2094408286832032440_n-768x1024.jpg 768w, http:\/\/przedszkole4.slawno.pl\/wp-content\/uploads\/2023\/10\/370624471_269488109408164_2094408286832032440_n-225x300.jpg 225w, http:\/\/przedszkole4.slawno.pl\/wp-content\/uploads\/2023\/10\/370624471_269488109408164_2094408286832032440_n-1152x1536.jpg 1152w, http:\/\/przedszkole4.slawno.pl\/wp-content\/uploads\/2023\/10\/370624471_269488109408164_2094408286832032440_n-1200x1600.jpg 1200w, http:\/\/przedszkole4.slawno.pl\/wp-content\/uploads\/2023\/10\/370624471_269488109408164_2094408286832032440_n.jpg 1296w\" sizes=\"auto, (max-width: 709px) 85vw, (max-width: 909px) 67vw, (max-width: 984px) 61vw, (max-width: 1362px) 45vw, 600px\" \/><figcaption class=\"wp-element-caption\">FOT. E.W<\/figcaption><\/figure>\n\n\n\n<figure class=\"wp-block-image size-large is-resized\"><img loading=\"lazy\" decoding=\"async\" width=\"1024\" height=\"768\" src=\"http:\/\/przedszkole4.slawno.pl\/wp-content\/uploads\/2023\/10\/380255303_1271034073611115_7145507659997837148_n-1024x768.jpg\" alt=\"dzieci ogl\u0105daj\u0105 wyst\u0119py artyst\u00f3w w przedstawieniu Czerwony kapturek\" class=\"wp-image-5440\" style=\"aspect-ratio:1.3333333333333333;width:841px;height:auto\" srcset=\"http:\/\/przedszkole4.slawno.pl\/wp-content\/uploads\/2023\/10\/380255303_1271034073611115_7145507659997837148_n-1024x768.jpg 1024w, http:\/\/przedszkole4.slawno.pl\/wp-content\/uploads\/2023\/10\/380255303_1271034073611115_7145507659997837148_n-300x225.jpg 300w, http:\/\/przedszkole4.slawno.pl\/wp-content\/uploads\/2023\/10\/380255303_1271034073611115_7145507659997837148_n-768x576.jpg 768w, http:\/\/przedszkole4.slawno.pl\/wp-content\/uploads\/2023\/10\/380255303_1271034073611115_7145507659997837148_n-1536x1152.jpg 1536w, http:\/\/przedszkole4.slawno.pl\/wp-content\/uploads\/2023\/10\/380255303_1271034073611115_7145507659997837148_n-1200x900.jpg 1200w, http:\/\/przedszkole4.slawno.pl\/wp-content\/uploads\/2023\/10\/380255303_1271034073611115_7145507659997837148_n.jpg 1728w\" sizes=\"auto, (max-width: 709px) 85vw, (max-width: 909px) 67vw, (max-width: 1362px) 62vw, 840px\" \/><figcaption class=\"wp-element-caption\">FOT. J.B<\/figcaption><\/figure>\n\n\n\n<figure class=\"wp-block-image size-large\"><img loading=\"lazy\" decoding=\"async\" width=\"1024\" height=\"766\" src=\"http:\/\/przedszkole4.slawno.pl\/wp-content\/uploads\/2023\/10\/393758674_652936963662630_3491502454643709631_n-1024x766.jpg\" alt=\"dzieci ogl\u0105daj\u0105 przedstawienie artyst\u00f3w\" class=\"wp-image-5442\" srcset=\"http:\/\/przedszkole4.slawno.pl\/wp-content\/uploads\/2023\/10\/393758674_652936963662630_3491502454643709631_n-1024x766.jpg 1024w, http:\/\/przedszkole4.slawno.pl\/wp-content\/uploads\/2023\/10\/393758674_652936963662630_3491502454643709631_n-300x224.jpg 300w, http:\/\/przedszkole4.slawno.pl\/wp-content\/uploads\/2023\/10\/393758674_652936963662630_3491502454643709631_n-768x575.jpg 768w, http:\/\/przedszkole4.slawno.pl\/wp-content\/uploads\/2023\/10\/393758674_652936963662630_3491502454643709631_n-1536x1149.jpg 1536w, http:\/\/przedszkole4.slawno.pl\/wp-content\/uploads\/2023\/10\/393758674_652936963662630_3491502454643709631_n-1200x898.jpg 1200w, http:\/\/przedszkole4.slawno.pl\/wp-content\/uploads\/2023\/10\/393758674_652936963662630_3491502454643709631_n.jpg 1740w\" sizes=\"auto, (max-width: 709px) 85vw, (max-width: 909px) 67vw, (max-width: 1362px) 62vw, 840px\" \/><figcaption class=\"wp-element-caption\">FOT.S.K<\/figcaption><\/figure>\n","protected":false},"excerpt":{"rendered":"<p>Dzieci z Przedszkola Krasnala Ha\u0142aba\u0142y uczestniczy\u0142y w audycji umuzykalniaj\u0105cej pt.\u201d Czerwony kapturek\u201d. Audycj\u0119 przygotowali arty\u015bci z Agencji Artystycznej \u201eARTIZMA\u201d.<\/p>\n","protected":false},"author":3,"featured_media":0,"comment_status":"closed","ping_status":"closed","sticky":false,"template":"","format":"standard","meta":{"footnotes":""},"categories":[28,23,29,24,25],"tags":[],"class_list":["post-5438","post","type-post","status-publish","format-standard","hentry","category-echokr","category-echomal","category-echomuch","category-echosr","category-echostar"],"yoast_head":"<!-- This site is optimized with the Yoast SEO plugin v27.5 - https:\/\/yoast.com\/product\/yoast-seo-wordpress\/ -->\n<title>AUDYCJA UMUZYKALNIAJ\u0104CA - Przedszkole nr 4 im. Krasnala Ha\u0142aba\u0142y, \u017b\u0142obek Miejski w S\u0142awnie<\/title>\n<meta name=\"robots\" content=\"index, follow, max-snippet:-1, max-image-preview:large, max-video-preview:-1\" \/>\n<link rel=\"canonical\" href=\"http:\/\/przedszkole4.slawno.pl\/?p=5438\" \/>\n<meta name=\"twitter:card\" content=\"summary_large_image\" \/>\n<meta name=\"twitter:title\" content=\"AUDYCJA UMUZYKALNIAJ\u0104CA - Przedszkole nr 4 im. Krasnala Ha\u0142aba\u0142y, \u017b\u0142obek Miejski w S\u0142awnie\" \/>\n<meta name=\"twitter:description\" content=\"Dzieci z Przedszkola Krasnala Ha\u0142aba\u0142y uczestniczy\u0142y w audycji umuzykalniaj\u0105cej pt.\u201d Czerwony kapturek\u201d. Audycj\u0119 przygotowali arty\u015bci z Agencji Artystycznej \u201eARTIZMA\u201d.\" \/>\n<meta name=\"twitter:image\" content=\"http:\/\/przedszkole4.slawno.pl\/wp-content\/uploads\/2023\/10\/370624471_269488109408164_2094408286832032440_n.jpg\" \/>\n<meta name=\"twitter:label1\" content=\"Napisane przez\" \/>\n\t<meta name=\"twitter:data1\" content=\"Barbara Izdebska\" \/>\n<script type=\"application\/ld+json\" class=\"yoast-schema-graph\">{\"@context\":\"https:\\\/\\\/schema.org\",\"@graph\":[{\"@type\":\"Article\",\"@id\":\"http:\\\/\\\/przedszkole4.slawno.pl\\\/?p=5438#article\",\"isPartOf\":{\"@id\":\"http:\\\/\\\/przedszkole4.slawno.pl\\\/?p=5438\"},\"author\":{\"name\":\"Barbara Izdebska\",\"@id\":\"http:\\\/\\\/przedszkole4.slawno.pl\\\/#\\\/schema\\\/person\\\/9644dab3ce8a67278cda57eca1b65fa4\"},\"headline\":\"AUDYCJA UMUZYKALNIAJ\u0104CA\",\"datePublished\":\"2023-10-17T11:57:01+00:00\",\"dateModified\":\"2023-10-17T11:57:03+00:00\",\"mainEntityOfPage\":{\"@id\":\"http:\\\/\\\/przedszkole4.slawno.pl\\\/?p=5438\"},\"wordCount\":36,\"image\":{\"@id\":\"http:\\\/\\\/przedszkole4.slawno.pl\\\/?p=5438#primaryimage\"},\"thumbnailUrl\":\"http:\\\/\\\/przedszkole4.slawno.pl\\\/wp-content\\\/uploads\\\/2023\\\/10\\\/370624471_269488109408164_2094408286832032440_n-768x1024.jpg\",\"articleSection\":[\"Echo grupy - Krasnale\",\"Echo grupy - Maluchy\",\"Echo grupy - Muchomorki\",\"Echo grupy - \u015aredniaki\",\"Echo grupy - Starszaki\"],\"inLanguage\":\"pl-PL\"},{\"@type\":\"WebPage\",\"@id\":\"http:\\\/\\\/przedszkole4.slawno.pl\\\/?p=5438\",\"url\":\"http:\\\/\\\/przedszkole4.slawno.pl\\\/?p=5438\",\"name\":\"AUDYCJA UMUZYKALNIAJ\u0104CA - Przedszkole nr 4 im. Krasnala Ha\u0142aba\u0142y, \u017b\u0142obek Miejski w S\u0142awnie\",\"isPartOf\":{\"@id\":\"http:\\\/\\\/przedszkole4.slawno.pl\\\/#website\"},\"primaryImageOfPage\":{\"@id\":\"http:\\\/\\\/przedszkole4.slawno.pl\\\/?p=5438#primaryimage\"},\"image\":{\"@id\":\"http:\\\/\\\/przedszkole4.slawno.pl\\\/?p=5438#primaryimage\"},\"thumbnailUrl\":\"http:\\\/\\\/przedszkole4.slawno.pl\\\/wp-content\\\/uploads\\\/2023\\\/10\\\/370624471_269488109408164_2094408286832032440_n-768x1024.jpg\",\"datePublished\":\"2023-10-17T11:57:01+00:00\",\"dateModified\":\"2023-10-17T11:57:03+00:00\",\"author\":{\"@id\":\"http:\\\/\\\/przedszkole4.slawno.pl\\\/#\\\/schema\\\/person\\\/9644dab3ce8a67278cda57eca1b65fa4\"},\"breadcrumb\":{\"@id\":\"http:\\\/\\\/przedszkole4.slawno.pl\\\/?p=5438#breadcrumb\"},\"inLanguage\":\"pl-PL\",\"potentialAction\":[{\"@type\":\"ReadAction\",\"target\":[\"http:\\\/\\\/przedszkole4.slawno.pl\\\/?p=5438\"]}]},{\"@type\":\"ImageObject\",\"inLanguage\":\"pl-PL\",\"@id\":\"http:\\\/\\\/przedszkole4.slawno.pl\\\/?p=5438#primaryimage\",\"url\":\"http:\\\/\\\/przedszkole4.slawno.pl\\\/wp-content\\\/uploads\\\/2023\\\/10\\\/370624471_269488109408164_2094408286832032440_n.jpg\",\"contentUrl\":\"http:\\\/\\\/przedszkole4.slawno.pl\\\/wp-content\\\/uploads\\\/2023\\\/10\\\/370624471_269488109408164_2094408286832032440_n.jpg\",\"width\":1296,\"height\":1728},{\"@type\":\"BreadcrumbList\",\"@id\":\"http:\\\/\\\/przedszkole4.slawno.pl\\\/?p=5438#breadcrumb\",\"itemListElement\":[{\"@type\":\"ListItem\",\"position\":1,\"name\":\"Strona g\u0142\u00f3wna\",\"item\":\"http:\\\/\\\/przedszkole4.slawno.pl\\\/\"},{\"@type\":\"ListItem\",\"position\":2,\"name\":\"AUDYCJA UMUZYKALNIAJ\u0104CA\"}]},{\"@type\":\"WebSite\",\"@id\":\"http:\\\/\\\/przedszkole4.slawno.pl\\\/#website\",\"url\":\"http:\\\/\\\/przedszkole4.slawno.pl\\\/\",\"name\":\"Przedszkole nr 4 im. Krasnala Ha\u0142aba\u0142y, \u017b\u0142obek Miejski w S\u0142awnie\",\"description\":\"Krasnal Ha\u0142aba\u0142a\",\"potentialAction\":[{\"@type\":\"SearchAction\",\"target\":{\"@type\":\"EntryPoint\",\"urlTemplate\":\"http:\\\/\\\/przedszkole4.slawno.pl\\\/?s={search_term_string}\"},\"query-input\":{\"@type\":\"PropertyValueSpecification\",\"valueRequired\":true,\"valueName\":\"search_term_string\"}}],\"inLanguage\":\"pl-PL\"},{\"@type\":\"Person\",\"@id\":\"http:\\\/\\\/przedszkole4.slawno.pl\\\/#\\\/schema\\\/person\\\/9644dab3ce8a67278cda57eca1b65fa4\",\"name\":\"Barbara Izdebska\",\"sameAs\":[\"http:\\\/\\\/przedszkole4.slawno.pl\"],\"url\":\"http:\\\/\\\/przedszkole4.slawno.pl\\\/?author=3\"}]}<\/script>\n<!-- \/ Yoast SEO plugin. -->","yoast_head_json":{"title":"AUDYCJA UMUZYKALNIAJ\u0104CA - Przedszkole nr 4 im. Krasnala Ha\u0142aba\u0142y, \u017b\u0142obek Miejski w S\u0142awnie","robots":{"index":"index","follow":"follow","max-snippet":"max-snippet:-1","max-image-preview":"max-image-preview:large","max-video-preview":"max-video-preview:-1"},"canonical":"http:\/\/przedszkole4.slawno.pl\/?p=5438","twitter_card":"summary_large_image","twitter_title":"AUDYCJA UMUZYKALNIAJ\u0104CA - Przedszkole nr 4 im. Krasnala Ha\u0142aba\u0142y, \u017b\u0142obek Miejski w S\u0142awnie","twitter_description":"Dzieci z Przedszkola Krasnala Ha\u0142aba\u0142y uczestniczy\u0142y w audycji umuzykalniaj\u0105cej pt.\u201d Czerwony kapturek\u201d. Audycj\u0119 przygotowali arty\u015bci z Agencji Artystycznej \u201eARTIZMA\u201d.","twitter_image":"http:\/\/przedszkole4.slawno.pl\/wp-content\/uploads\/2023\/10\/370624471_269488109408164_2094408286832032440_n.jpg","twitter_misc":{"Napisane przez":"Barbara Izdebska"},"schema":{"@context":"https:\/\/schema.org","@graph":[{"@type":"Article","@id":"http:\/\/przedszkole4.slawno.pl\/?p=5438#article","isPartOf":{"@id":"http:\/\/przedszkole4.slawno.pl\/?p=5438"},"author":{"name":"Barbara Izdebska","@id":"http:\/\/przedszkole4.slawno.pl\/#\/schema\/person\/9644dab3ce8a67278cda57eca1b65fa4"},"headline":"AUDYCJA UMUZYKALNIAJ\u0104CA","datePublished":"2023-10-17T11:57:01+00:00","dateModified":"2023-10-17T11:57:03+00:00","mainEntityOfPage":{"@id":"http:\/\/przedszkole4.slawno.pl\/?p=5438"},"wordCount":36,"image":{"@id":"http:\/\/przedszkole4.slawno.pl\/?p=5438#primaryimage"},"thumbnailUrl":"http:\/\/przedszkole4.slawno.pl\/wp-content\/uploads\/2023\/10\/370624471_269488109408164_2094408286832032440_n-768x1024.jpg","articleSection":["Echo grupy - Krasnale","Echo grupy - Maluchy","Echo grupy - Muchomorki","Echo grupy - \u015aredniaki","Echo grupy - Starszaki"],"inLanguage":"pl-PL"},{"@type":"WebPage","@id":"http:\/\/przedszkole4.slawno.pl\/?p=5438","url":"http:\/\/przedszkole4.slawno.pl\/?p=5438","name":"AUDYCJA UMUZYKALNIAJ\u0104CA - Przedszkole nr 4 im. Krasnala Ha\u0142aba\u0142y, \u017b\u0142obek Miejski w S\u0142awnie","isPartOf":{"@id":"http:\/\/przedszkole4.slawno.pl\/#website"},"primaryImageOfPage":{"@id":"http:\/\/przedszkole4.slawno.pl\/?p=5438#primaryimage"},"image":{"@id":"http:\/\/przedszkole4.slawno.pl\/?p=5438#primaryimage"},"thumbnailUrl":"http:\/\/przedszkole4.slawno.pl\/wp-content\/uploads\/2023\/10\/370624471_269488109408164_2094408286832032440_n-768x1024.jpg","datePublished":"2023-10-17T11:57:01+00:00","dateModified":"2023-10-17T11:57:03+00:00","author":{"@id":"http:\/\/przedszkole4.slawno.pl\/#\/schema\/person\/9644dab3ce8a67278cda57eca1b65fa4"},"breadcrumb":{"@id":"http:\/\/przedszkole4.slawno.pl\/?p=5438#breadcrumb"},"inLanguage":"pl-PL","potentialAction":[{"@type":"ReadAction","target":["http:\/\/przedszkole4.slawno.pl\/?p=5438"]}]},{"@type":"ImageObject","inLanguage":"pl-PL","@id":"http:\/\/przedszkole4.slawno.pl\/?p=5438#primaryimage","url":"http:\/\/przedszkole4.slawno.pl\/wp-content\/uploads\/2023\/10\/370624471_269488109408164_2094408286832032440_n.jpg","contentUrl":"http:\/\/przedszkole4.slawno.pl\/wp-content\/uploads\/2023\/10\/370624471_269488109408164_2094408286832032440_n.jpg","width":1296,"height":1728},{"@type":"BreadcrumbList","@id":"http:\/\/przedszkole4.slawno.pl\/?p=5438#breadcrumb","itemListElement":[{"@type":"ListItem","position":1,"name":"Strona g\u0142\u00f3wna","item":"http:\/\/przedszkole4.slawno.pl\/"},{"@type":"ListItem","position":2,"name":"AUDYCJA UMUZYKALNIAJ\u0104CA"}]},{"@type":"WebSite","@id":"http:\/\/przedszkole4.slawno.pl\/#website","url":"http:\/\/przedszkole4.slawno.pl\/","name":"Przedszkole nr 4 im. Krasnala Ha\u0142aba\u0142y, \u017b\u0142obek Miejski w S\u0142awnie","description":"Krasnal Ha\u0142aba\u0142a","potentialAction":[{"@type":"SearchAction","target":{"@type":"EntryPoint","urlTemplate":"http:\/\/przedszkole4.slawno.pl\/?s={search_term_string}"},"query-input":{"@type":"PropertyValueSpecification","valueRequired":true,"valueName":"search_term_string"}}],"inLanguage":"pl-PL"},{"@type":"Person","@id":"http:\/\/przedszkole4.slawno.pl\/#\/schema\/person\/9644dab3ce8a67278cda57eca1b65fa4","name":"Barbara Izdebska","sameAs":["http:\/\/przedszkole4.slawno.pl"],"url":"http:\/\/przedszkole4.slawno.pl\/?author=3"}]}},"_links":{"self":[{"href":"http:\/\/przedszkole4.slawno.pl\/index.php?rest_route=\/wp\/v2\/posts\/5438","targetHints":{"allow":["GET"]}}],"collection":[{"href":"http:\/\/przedszkole4.slawno.pl\/index.php?rest_route=\/wp\/v2\/posts"}],"about":[{"href":"http:\/\/przedszkole4.slawno.pl\/index.php?rest_route=\/wp\/v2\/types\/post"}],"author":[{"embeddable":true,"href":"http:\/\/przedszkole4.slawno.pl\/index.php?rest_route=\/wp\/v2\/users\/3"}],"replies":[{"embeddable":true,"href":"http:\/\/przedszkole4.slawno.pl\/index.php?rest_route=%2Fwp%2Fv2%2Fcomments&post=5438"}],"version-history":[{"count":1,"href":"http:\/\/przedszkole4.slawno.pl\/index.php?rest_route=\/wp\/v2\/posts\/5438\/revisions"}],"predecessor-version":[{"id":5443,"href":"http:\/\/przedszkole4.slawno.pl\/index.php?rest_route=\/wp\/v2\/posts\/5438\/revisions\/5443"}],"wp:attachment":[{"href":"http:\/\/przedszkole4.slawno.pl\/index.php?rest_route=%2Fwp%2Fv2%2Fmedia&parent=5438"}],"wp:term":[{"taxonomy":"category","embeddable":true,"href":"http:\/\/przedszkole4.slawno.pl\/index.php?rest_route=%2Fwp%2Fv2%2Fcategories&post=5438"},{"taxonomy":"post_tag","embeddable":true,"href":"http:\/\/przedszkole4.slawno.pl\/index.php?rest_route=%2Fwp%2Fv2%2Ftags&post=5438"}],"curies":[{"name":"wp","href":"https:\/\/api.w.org\/{rel}","templated":true}]}}