{"id":5858,"date":"2023-11-30T18:37:09","date_gmt":"2023-11-30T17:37:09","guid":{"rendered":"http:\/\/przedszkole4.slawno.pl\/?p=5858"},"modified":"2023-11-30T18:40:12","modified_gmt":"2023-11-30T17:40:12","slug":"pierwsze-zabawy-na-sniegu","status":"publish","type":"post","link":"http:\/\/przedszkole4.slawno.pl\/?p=5858","title":{"rendered":"PIERWSZE ZABAWY NA \u015aNIEGU"},"content":{"rendered":"\n<p>Pierwszy \u015bnieg&#8230; to zawsze ogromna rado\u015b\u0107 dla dzieci \ud83d\ude42 ( fot. A.S)<\/p>\n\n\n\n<figure class=\"wp-block-image size-large\"><img loading=\"lazy\" decoding=\"async\" width=\"1024\" height=\"803\" src=\"http:\/\/przedszkole4.slawno.pl\/wp-content\/uploads\/2023\/11\/IMG_5924-1024x803.jpg\" alt=\"Dzieci z najstarszej grupy pierwszy raz bawi\u0105 si\u0119 na \u015bniegu\" class=\"wp-image-5859\" srcset=\"http:\/\/przedszkole4.slawno.pl\/wp-content\/uploads\/2023\/11\/IMG_5924-1024x803.jpg 1024w, http:\/\/przedszkole4.slawno.pl\/wp-content\/uploads\/2023\/11\/IMG_5924-300x235.jpg 300w, http:\/\/przedszkole4.slawno.pl\/wp-content\/uploads\/2023\/11\/IMG_5924-768x602.jpg 768w, http:\/\/przedszkole4.slawno.pl\/wp-content\/uploads\/2023\/11\/IMG_5924-1536x1205.jpg 1536w, http:\/\/przedszkole4.slawno.pl\/wp-content\/uploads\/2023\/11\/IMG_5924-1200x941.jpg 1200w, http:\/\/przedszkole4.slawno.pl\/wp-content\/uploads\/2023\/11\/IMG_5924.jpg 1587w\" sizes=\"auto, (max-width: 709px) 85vw, (max-width: 909px) 67vw, (max-width: 1362px) 62vw, 840px\" \/><\/figure>\n\n\n\n<figure class=\"wp-block-image size-large\"><img loading=\"lazy\" decoding=\"async\" width=\"1024\" height=\"767\" src=\"http:\/\/przedszkole4.slawno.pl\/wp-content\/uploads\/2023\/11\/IMG_5926-1024x767.jpg\" alt=\"Zabawy na \u015bniegu przed budynkiem przedszkolnym \" class=\"wp-image-5861\" srcset=\"http:\/\/przedszkole4.slawno.pl\/wp-content\/uploads\/2023\/11\/IMG_5926-1024x767.jpg 1024w, http:\/\/przedszkole4.slawno.pl\/wp-content\/uploads\/2023\/11\/IMG_5926-300x225.jpg 300w, http:\/\/przedszkole4.slawno.pl\/wp-content\/uploads\/2023\/11\/IMG_5926-768x575.jpg 768w, http:\/\/przedszkole4.slawno.pl\/wp-content\/uploads\/2023\/11\/IMG_5926-1536x1150.jpg 1536w, http:\/\/przedszkole4.slawno.pl\/wp-content\/uploads\/2023\/11\/IMG_5926-1200x898.jpg 1200w, http:\/\/przedszkole4.slawno.pl\/wp-content\/uploads\/2023\/11\/IMG_5926.jpg 1551w\" sizes=\"auto, (max-width: 709px) 85vw, (max-width: 909px) 67vw, (max-width: 1362px) 62vw, 840px\" \/><\/figure>\n\n\n\n<figure class=\"wp-block-image size-large\"><img loading=\"lazy\" decoding=\"async\" width=\"1024\" height=\"758\" src=\"http:\/\/przedszkole4.slawno.pl\/wp-content\/uploads\/2023\/11\/IMG_5925-1024x758.jpg\" alt=\"Rado\u015b\u0107 dzieci, bo spad\u0142 pierwszy \u015bnieg. Bawi\u0105 si\u0119 w pzredszkolnym ogrodzie\" class=\"wp-image-5864\" srcset=\"http:\/\/przedszkole4.slawno.pl\/wp-content\/uploads\/2023\/11\/IMG_5925-1024x758.jpg 1024w, http:\/\/przedszkole4.slawno.pl\/wp-content\/uploads\/2023\/11\/IMG_5925-300x222.jpg 300w, http:\/\/przedszkole4.slawno.pl\/wp-content\/uploads\/2023\/11\/IMG_5925-768x569.jpg 768w, http:\/\/przedszkole4.slawno.pl\/wp-content\/uploads\/2023\/11\/IMG_5925-1536x1137.jpg 1536w, http:\/\/przedszkole4.slawno.pl\/wp-content\/uploads\/2023\/11\/IMG_5925-1200x889.jpg 1200w, http:\/\/przedszkole4.slawno.pl\/wp-content\/uploads\/2023\/11\/IMG_5925.jpg 1684w\" sizes=\"auto, (max-width: 709px) 85vw, (max-width: 909px) 67vw, (max-width: 1362px) 62vw, 840px\" \/><\/figure>\n\n\n\n<figure class=\"wp-block-image size-large\"><img loading=\"lazy\" decoding=\"async\" width=\"1024\" height=\"717\" src=\"http:\/\/przedszkole4.slawno.pl\/wp-content\/uploads\/2023\/11\/IMG_5927-1024x717.jpg\" alt=\"Niby jesie\u0144 - a jednak zimowy krajobraz. Pierwszy \u015bniego i zabawy w ogrodzie,\" class=\"wp-image-5866\" srcset=\"http:\/\/przedszkole4.slawno.pl\/wp-content\/uploads\/2023\/11\/IMG_5927-1024x717.jpg 1024w, http:\/\/przedszkole4.slawno.pl\/wp-content\/uploads\/2023\/11\/IMG_5927-300x210.jpg 300w, http:\/\/przedszkole4.slawno.pl\/wp-content\/uploads\/2023\/11\/IMG_5927-768x538.jpg 768w, http:\/\/przedszkole4.slawno.pl\/wp-content\/uploads\/2023\/11\/IMG_5927-1536x1076.jpg 1536w, http:\/\/przedszkole4.slawno.pl\/wp-content\/uploads\/2023\/11\/IMG_5927-1200x840.jpg 1200w, http:\/\/przedszkole4.slawno.pl\/wp-content\/uploads\/2023\/11\/IMG_5927.jpg 1788w\" sizes=\"auto, (max-width: 709px) 85vw, (max-width: 909px) 67vw, (max-width: 1362px) 62vw, 840px\" \/><\/figure>\n\n\n\n<figure class=\"wp-block-image size-large\"><img loading=\"lazy\" decoding=\"async\" width=\"1024\" height=\"768\" src=\"http:\/\/przedszkole4.slawno.pl\/wp-content\/uploads\/2023\/11\/IMG_5928-1024x768.jpg\" alt=\"Dziewczynki bawi\u0105 si\u0119 \u015bniegiem kt\u00f3ry spad\u0142 w przedszkolnym ogrodzie po raz pierwszy w tym roku\" class=\"wp-image-5869\" srcset=\"http:\/\/przedszkole4.slawno.pl\/wp-content\/uploads\/2023\/11\/IMG_5928-1024x768.jpg 1024w, http:\/\/przedszkole4.slawno.pl\/wp-content\/uploads\/2023\/11\/IMG_5928-300x225.jpg 300w, http:\/\/przedszkole4.slawno.pl\/wp-content\/uploads\/2023\/11\/IMG_5928-768x576.jpg 768w, http:\/\/przedszkole4.slawno.pl\/wp-content\/uploads\/2023\/11\/IMG_5928-1536x1152.jpg 1536w, http:\/\/przedszkole4.slawno.pl\/wp-content\/uploads\/2023\/11\/IMG_5928-1200x900.jpg 1200w, http:\/\/przedszkole4.slawno.pl\/wp-content\/uploads\/2023\/11\/IMG_5928.jpg 2000w\" sizes=\"auto, (max-width: 709px) 85vw, (max-width: 909px) 67vw, (max-width: 1362px) 62vw, 840px\" \/><\/figure>\n","protected":false},"excerpt":{"rendered":"<p>Pierwszy \u015bnieg&#8230; to zawsze ogromna rado\u015b\u0107 dla dzieci \ud83d\ude42 ( fot. A.S)<\/p>\n","protected":false},"author":5,"featured_media":0,"comment_status":"closed","ping_status":"closed","sticky":false,"template":"","format":"standard","meta":{"footnotes":""},"categories":[25],"tags":[],"class_list":["post-5858","post","type-post","status-publish","format-standard","hentry","category-echostar"],"yoast_head":"<!-- This site is optimized with the Yoast SEO plugin v27.5 - https:\/\/yoast.com\/product\/yoast-seo-wordpress\/ -->\n<title>PIERWSZE ZABAWY NA \u015aNIEGU - Przedszkole nr 4 im. Krasnala Ha\u0142aba\u0142y, \u017b\u0142obek Miejski w S\u0142awnie<\/title>\n<meta name=\"robots\" content=\"index, follow, max-snippet:-1, max-image-preview:large, max-video-preview:-1\" \/>\n<link rel=\"canonical\" href=\"http:\/\/przedszkole4.slawno.pl\/?p=5858\" \/>\n<meta name=\"twitter:card\" content=\"summary_large_image\" \/>\n<meta name=\"twitter:title\" content=\"PIERWSZE ZABAWY NA \u015aNIEGU - Przedszkole nr 4 im. Krasnala Ha\u0142aba\u0142y, \u017b\u0142obek Miejski w S\u0142awnie\" \/>\n<meta name=\"twitter:description\" content=\"Pierwszy \u015bnieg&#8230; to zawsze ogromna rado\u015b\u0107 dla dzieci \ud83d\ude42 ( fot. A.S)\" \/>\n<meta name=\"twitter:image\" content=\"http:\/\/przedszkole4.slawno.pl\/wp-content\/uploads\/2023\/11\/IMG_5924.jpg\" \/>\n<meta name=\"twitter:label1\" content=\"Napisane przez\" \/>\n\t<meta name=\"twitter:data1\" content=\"Jolanta Borkowska\" \/>\n<script type=\"application\/ld+json\" class=\"yoast-schema-graph\">{\"@context\":\"https:\\\/\\\/schema.org\",\"@graph\":[{\"@type\":\"Article\",\"@id\":\"http:\\\/\\\/przedszkole4.slawno.pl\\\/?p=5858#article\",\"isPartOf\":{\"@id\":\"http:\\\/\\\/przedszkole4.slawno.pl\\\/?p=5858\"},\"author\":{\"name\":\"Jolanta Borkowska\",\"@id\":\"http:\\\/\\\/przedszkole4.slawno.pl\\\/#\\\/schema\\\/person\\\/1d570b22b081bdbb670f03eb3e38094b\"},\"headline\":\"PIERWSZE ZABAWY NA \u015aNIEGU\",\"datePublished\":\"2023-11-30T17:37:09+00:00\",\"dateModified\":\"2023-11-30T17:40:12+00:00\",\"mainEntityOfPage\":{\"@id\":\"http:\\\/\\\/przedszkole4.slawno.pl\\\/?p=5858\"},\"wordCount\":15,\"image\":{\"@id\":\"http:\\\/\\\/przedszkole4.slawno.pl\\\/?p=5858#primaryimage\"},\"thumbnailUrl\":\"http:\\\/\\\/przedszkole4.slawno.pl\\\/wp-content\\\/uploads\\\/2023\\\/11\\\/IMG_5924-1024x803.jpg\",\"articleSection\":[\"Echo grupy - Starszaki\"],\"inLanguage\":\"pl-PL\"},{\"@type\":\"WebPage\",\"@id\":\"http:\\\/\\\/przedszkole4.slawno.pl\\\/?p=5858\",\"url\":\"http:\\\/\\\/przedszkole4.slawno.pl\\\/?p=5858\",\"name\":\"PIERWSZE ZABAWY NA \u015aNIEGU - Przedszkole nr 4 im. Krasnala Ha\u0142aba\u0142y, \u017b\u0142obek Miejski w S\u0142awnie\",\"isPartOf\":{\"@id\":\"http:\\\/\\\/przedszkole4.slawno.pl\\\/#website\"},\"primaryImageOfPage\":{\"@id\":\"http:\\\/\\\/przedszkole4.slawno.pl\\\/?p=5858#primaryimage\"},\"image\":{\"@id\":\"http:\\\/\\\/przedszkole4.slawno.pl\\\/?p=5858#primaryimage\"},\"thumbnailUrl\":\"http:\\\/\\\/przedszkole4.slawno.pl\\\/wp-content\\\/uploads\\\/2023\\\/11\\\/IMG_5924-1024x803.jpg\",\"datePublished\":\"2023-11-30T17:37:09+00:00\",\"dateModified\":\"2023-11-30T17:40:12+00:00\",\"author\":{\"@id\":\"http:\\\/\\\/przedszkole4.slawno.pl\\\/#\\\/schema\\\/person\\\/1d570b22b081bdbb670f03eb3e38094b\"},\"breadcrumb\":{\"@id\":\"http:\\\/\\\/przedszkole4.slawno.pl\\\/?p=5858#breadcrumb\"},\"inLanguage\":\"pl-PL\",\"potentialAction\":[{\"@type\":\"ReadAction\",\"target\":[\"http:\\\/\\\/przedszkole4.slawno.pl\\\/?p=5858\"]}]},{\"@type\":\"ImageObject\",\"inLanguage\":\"pl-PL\",\"@id\":\"http:\\\/\\\/przedszkole4.slawno.pl\\\/?p=5858#primaryimage\",\"url\":\"http:\\\/\\\/przedszkole4.slawno.pl\\\/wp-content\\\/uploads\\\/2023\\\/11\\\/IMG_5924.jpg\",\"contentUrl\":\"http:\\\/\\\/przedszkole4.slawno.pl\\\/wp-content\\\/uploads\\\/2023\\\/11\\\/IMG_5924.jpg\",\"width\":1587,\"height\":1245},{\"@type\":\"BreadcrumbList\",\"@id\":\"http:\\\/\\\/przedszkole4.slawno.pl\\\/?p=5858#breadcrumb\",\"itemListElement\":[{\"@type\":\"ListItem\",\"position\":1,\"name\":\"Strona g\u0142\u00f3wna\",\"item\":\"http:\\\/\\\/przedszkole4.slawno.pl\\\/\"},{\"@type\":\"ListItem\",\"position\":2,\"name\":\"PIERWSZE ZABAWY NA \u015aNIEGU\"}]},{\"@type\":\"WebSite\",\"@id\":\"http:\\\/\\\/przedszkole4.slawno.pl\\\/#website\",\"url\":\"http:\\\/\\\/przedszkole4.slawno.pl\\\/\",\"name\":\"Przedszkole nr 4 im. Krasnala Ha\u0142aba\u0142y, \u017b\u0142obek Miejski w S\u0142awnie\",\"description\":\"Krasnal Ha\u0142aba\u0142a\",\"potentialAction\":[{\"@type\":\"SearchAction\",\"target\":{\"@type\":\"EntryPoint\",\"urlTemplate\":\"http:\\\/\\\/przedszkole4.slawno.pl\\\/?s={search_term_string}\"},\"query-input\":{\"@type\":\"PropertyValueSpecification\",\"valueRequired\":true,\"valueName\":\"search_term_string\"}}],\"inLanguage\":\"pl-PL\"},{\"@type\":\"Person\",\"@id\":\"http:\\\/\\\/przedszkole4.slawno.pl\\\/#\\\/schema\\\/person\\\/1d570b22b081bdbb670f03eb3e38094b\",\"name\":\"Jolanta Borkowska\",\"sameAs\":[\"http:\\\/\\\/przedszkole4.slawno.pl\"],\"url\":\"http:\\\/\\\/przedszkole4.slawno.pl\\\/?author=5\"}]}<\/script>\n<!-- \/ Yoast SEO plugin. -->","yoast_head_json":{"title":"PIERWSZE ZABAWY NA \u015aNIEGU - Przedszkole nr 4 im. Krasnala Ha\u0142aba\u0142y, \u017b\u0142obek Miejski w S\u0142awnie","robots":{"index":"index","follow":"follow","max-snippet":"max-snippet:-1","max-image-preview":"max-image-preview:large","max-video-preview":"max-video-preview:-1"},"canonical":"http:\/\/przedszkole4.slawno.pl\/?p=5858","twitter_card":"summary_large_image","twitter_title":"PIERWSZE ZABAWY NA \u015aNIEGU - Przedszkole nr 4 im. Krasnala Ha\u0142aba\u0142y, \u017b\u0142obek Miejski w S\u0142awnie","twitter_description":"Pierwszy \u015bnieg&#8230; to zawsze ogromna rado\u015b\u0107 dla dzieci \ud83d\ude42 ( fot. A.S)","twitter_image":"http:\/\/przedszkole4.slawno.pl\/wp-content\/uploads\/2023\/11\/IMG_5924.jpg","twitter_misc":{"Napisane przez":"Jolanta Borkowska"},"schema":{"@context":"https:\/\/schema.org","@graph":[{"@type":"Article","@id":"http:\/\/przedszkole4.slawno.pl\/?p=5858#article","isPartOf":{"@id":"http:\/\/przedszkole4.slawno.pl\/?p=5858"},"author":{"name":"Jolanta Borkowska","@id":"http:\/\/przedszkole4.slawno.pl\/#\/schema\/person\/1d570b22b081bdbb670f03eb3e38094b"},"headline":"PIERWSZE ZABAWY NA \u015aNIEGU","datePublished":"2023-11-30T17:37:09+00:00","dateModified":"2023-11-30T17:40:12+00:00","mainEntityOfPage":{"@id":"http:\/\/przedszkole4.slawno.pl\/?p=5858"},"wordCount":15,"image":{"@id":"http:\/\/przedszkole4.slawno.pl\/?p=5858#primaryimage"},"thumbnailUrl":"http:\/\/przedszkole4.slawno.pl\/wp-content\/uploads\/2023\/11\/IMG_5924-1024x803.jpg","articleSection":["Echo grupy - Starszaki"],"inLanguage":"pl-PL"},{"@type":"WebPage","@id":"http:\/\/przedszkole4.slawno.pl\/?p=5858","url":"http:\/\/przedszkole4.slawno.pl\/?p=5858","name":"PIERWSZE ZABAWY NA \u015aNIEGU - Przedszkole nr 4 im. Krasnala Ha\u0142aba\u0142y, \u017b\u0142obek Miejski w S\u0142awnie","isPartOf":{"@id":"http:\/\/przedszkole4.slawno.pl\/#website"},"primaryImageOfPage":{"@id":"http:\/\/przedszkole4.slawno.pl\/?p=5858#primaryimage"},"image":{"@id":"http:\/\/przedszkole4.slawno.pl\/?p=5858#primaryimage"},"thumbnailUrl":"http:\/\/przedszkole4.slawno.pl\/wp-content\/uploads\/2023\/11\/IMG_5924-1024x803.jpg","datePublished":"2023-11-30T17:37:09+00:00","dateModified":"2023-11-30T17:40:12+00:00","author":{"@id":"http:\/\/przedszkole4.slawno.pl\/#\/schema\/person\/1d570b22b081bdbb670f03eb3e38094b"},"breadcrumb":{"@id":"http:\/\/przedszkole4.slawno.pl\/?p=5858#breadcrumb"},"inLanguage":"pl-PL","potentialAction":[{"@type":"ReadAction","target":["http:\/\/przedszkole4.slawno.pl\/?p=5858"]}]},{"@type":"ImageObject","inLanguage":"pl-PL","@id":"http:\/\/przedszkole4.slawno.pl\/?p=5858#primaryimage","url":"http:\/\/przedszkole4.slawno.pl\/wp-content\/uploads\/2023\/11\/IMG_5924.jpg","contentUrl":"http:\/\/przedszkole4.slawno.pl\/wp-content\/uploads\/2023\/11\/IMG_5924.jpg","width":1587,"height":1245},{"@type":"BreadcrumbList","@id":"http:\/\/przedszkole4.slawno.pl\/?p=5858#breadcrumb","itemListElement":[{"@type":"ListItem","position":1,"name":"Strona g\u0142\u00f3wna","item":"http:\/\/przedszkole4.slawno.pl\/"},{"@type":"ListItem","position":2,"name":"PIERWSZE ZABAWY NA \u015aNIEGU"}]},{"@type":"WebSite","@id":"http:\/\/przedszkole4.slawno.pl\/#website","url":"http:\/\/przedszkole4.slawno.pl\/","name":"Przedszkole nr 4 im. Krasnala Ha\u0142aba\u0142y, \u017b\u0142obek Miejski w S\u0142awnie","description":"Krasnal Ha\u0142aba\u0142a","potentialAction":[{"@type":"SearchAction","target":{"@type":"EntryPoint","urlTemplate":"http:\/\/przedszkole4.slawno.pl\/?s={search_term_string}"},"query-input":{"@type":"PropertyValueSpecification","valueRequired":true,"valueName":"search_term_string"}}],"inLanguage":"pl-PL"},{"@type":"Person","@id":"http:\/\/przedszkole4.slawno.pl\/#\/schema\/person\/1d570b22b081bdbb670f03eb3e38094b","name":"Jolanta Borkowska","sameAs":["http:\/\/przedszkole4.slawno.pl"],"url":"http:\/\/przedszkole4.slawno.pl\/?author=5"}]}},"_links":{"self":[{"href":"http:\/\/przedszkole4.slawno.pl\/index.php?rest_route=\/wp\/v2\/posts\/5858","targetHints":{"allow":["GET"]}}],"collection":[{"href":"http:\/\/przedszkole4.slawno.pl\/index.php?rest_route=\/wp\/v2\/posts"}],"about":[{"href":"http:\/\/przedszkole4.slawno.pl\/index.php?rest_route=\/wp\/v2\/types\/post"}],"author":[{"embeddable":true,"href":"http:\/\/przedszkole4.slawno.pl\/index.php?rest_route=\/wp\/v2\/users\/5"}],"replies":[{"embeddable":true,"href":"http:\/\/przedszkole4.slawno.pl\/index.php?rest_route=%2Fwp%2Fv2%2Fcomments&post=5858"}],"version-history":[{"count":6,"href":"http:\/\/przedszkole4.slawno.pl\/index.php?rest_route=\/wp\/v2\/posts\/5858\/revisions"}],"predecessor-version":[{"id":5871,"href":"http:\/\/przedszkole4.slawno.pl\/index.php?rest_route=\/wp\/v2\/posts\/5858\/revisions\/5871"}],"wp:attachment":[{"href":"http:\/\/przedszkole4.slawno.pl\/index.php?rest_route=%2Fwp%2Fv2%2Fmedia&parent=5858"}],"wp:term":[{"taxonomy":"category","embeddable":true,"href":"http:\/\/przedszkole4.slawno.pl\/index.php?rest_route=%2Fwp%2Fv2%2Fcategories&post=5858"},{"taxonomy":"post_tag","embeddable":true,"href":"http:\/\/przedszkole4.slawno.pl\/index.php?rest_route=%2Fwp%2Fv2%2Ftags&post=5858"}],"curies":[{"name":"wp","href":"https:\/\/api.w.org\/{rel}","templated":true}]}}