{"id":7010,"date":"2024-04-05T10:18:59","date_gmt":"2024-04-05T08:18:59","guid":{"rendered":"http:\/\/przedszkole4.slawno.pl\/?p=7010"},"modified":"2024-04-05T10:19:26","modified_gmt":"2024-04-05T08:19:26","slug":"swiatowy-dzien-swiadomosci-autyzmu-2","status":"publish","type":"post","link":"http:\/\/przedszkole4.slawno.pl\/?p=7010","title":{"rendered":"\u015aWIATOWY DZIE\u0143 \u015aWIADOMO\u015aCI AUTYZMU"},"content":{"rendered":"\n<p>2.04.2024r. w ramach obchodu <strong>\u015awiatowego Dnia \u015awiadomo\u015bci Autyzmu <\/strong>dzieci z grupy \u015aredniak\u00f3w na zaj\u0119ciach dowiedzia\u0142y si\u0119 jak funkcjonuj\u0105 osoby w spektrum autyzmu oraz wykona\u0142y prace na konkurs plastyczny &#8222;Niebieskie okulary&#8221;.<\/p>\n\n\n\n<p><strong>Rysunki Ani i Ali K. zosta\u0142y wyr\u00f3\u017cnione. <\/strong><\/p>\n\n\n\n<p><strong>Gratulujemy!<\/strong><\/p>\n\n\n\n<figure class=\"wp-block-image size-large\"><img loading=\"lazy\" decoding=\"async\" width=\"1024\" height=\"463\" src=\"http:\/\/przedszkole4.slawno.pl\/wp-content\/uploads\/2024\/04\/niebieskie-okulary-1024x463.jpg\" alt=\"Wystawa zorganizowana z prac konkursowych.\" class=\"wp-image-7011\" srcset=\"http:\/\/przedszkole4.slawno.pl\/wp-content\/uploads\/2024\/04\/niebieskie-okulary-1024x463.jpg 1024w, http:\/\/przedszkole4.slawno.pl\/wp-content\/uploads\/2024\/04\/niebieskie-okulary-300x136.jpg 300w, http:\/\/przedszkole4.slawno.pl\/wp-content\/uploads\/2024\/04\/niebieskie-okulary-768x347.jpg 768w, http:\/\/przedszkole4.slawno.pl\/wp-content\/uploads\/2024\/04\/niebieskie-okulary-1536x695.jpg 1536w, http:\/\/przedszkole4.slawno.pl\/wp-content\/uploads\/2024\/04\/niebieskie-okulary-1200x543.jpg 1200w, http:\/\/przedszkole4.slawno.pl\/wp-content\/uploads\/2024\/04\/niebieskie-okulary.jpg 2048w\" sizes=\"auto, (max-width: 709px) 85vw, (max-width: 909px) 67vw, (max-width: 1362px) 62vw, 840px\" \/><figcaption class=\"wp-element-caption\">Fot. 1<\/figcaption><\/figure>\n\n\n\n<figure class=\"wp-block-image size-large\"><img loading=\"lazy\" decoding=\"async\" width=\"768\" height=\"1024\" src=\"http:\/\/przedszkole4.slawno.pl\/wp-content\/uploads\/2024\/04\/nieb-768x1024.jpg\" alt=\"Pani Dyrektor wr\u0119cza dyplomy autorkom wyr\u00f3\u017cnionych prac.\" class=\"wp-image-7012\" srcset=\"http:\/\/przedszkole4.slawno.pl\/wp-content\/uploads\/2024\/04\/nieb-768x1024.jpg 768w, http:\/\/przedszkole4.slawno.pl\/wp-content\/uploads\/2024\/04\/nieb-225x300.jpg 225w, http:\/\/przedszkole4.slawno.pl\/wp-content\/uploads\/2024\/04\/nieb-1152x1536.jpg 1152w, http:\/\/przedszkole4.slawno.pl\/wp-content\/uploads\/2024\/04\/nieb-1200x1600.jpg 1200w, http:\/\/przedszkole4.slawno.pl\/wp-content\/uploads\/2024\/04\/nieb.jpg 1296w\" sizes=\"auto, (max-width: 709px) 85vw, (max-width: 909px) 67vw, (max-width: 984px) 61vw, (max-width: 1362px) 45vw, 600px\" \/><figcaption class=\"wp-element-caption\">Fot. 2<\/figcaption><\/figure>\n","protected":false},"excerpt":{"rendered":"<p>2.04.2024r. w ramach obchodu \u015awiatowego Dnia \u015awiadomo\u015bci Autyzmu dzieci z grupy \u015aredniak\u00f3w na zaj\u0119ciach dowiedzia\u0142y si\u0119 jak funkcjonuj\u0105 osoby w spektrum autyzmu oraz wykona\u0142y prace na konkurs plastyczny &#8222;Niebieskie okulary&#8221;. Rysunki Ani i Ali K. zosta\u0142y wyr\u00f3\u017cnione. Gratulujemy!<\/p>\n","protected":false},"author":4,"featured_media":0,"comment_status":"closed","ping_status":"closed","sticky":false,"template":"","format":"standard","meta":{"footnotes":""},"categories":[24],"tags":[],"class_list":["post-7010","post","type-post","status-publish","format-standard","hentry","category-echosr"],"yoast_head":"<!-- This site is optimized with the Yoast SEO plugin v27.5 - https:\/\/yoast.com\/product\/yoast-seo-wordpress\/ -->\n<title>\u015aWIATOWY DZIE\u0143 \u015aWIADOMO\u015aCI AUTYZMU - Przedszkole nr 4 im. Krasnala Ha\u0142aba\u0142y, \u017b\u0142obek Miejski w S\u0142awnie<\/title>\n<meta name=\"robots\" content=\"index, follow, max-snippet:-1, max-image-preview:large, max-video-preview:-1\" \/>\n<link rel=\"canonical\" href=\"https:\/\/przedszkole4.slawno.pl\/?p=7010\" \/>\n<meta name=\"twitter:card\" content=\"summary_large_image\" \/>\n<meta name=\"twitter:title\" content=\"\u015aWIATOWY DZIE\u0143 \u015aWIADOMO\u015aCI AUTYZMU - Przedszkole nr 4 im. Krasnala Ha\u0142aba\u0142y, \u017b\u0142obek Miejski w S\u0142awnie\" \/>\n<meta name=\"twitter:description\" content=\"2.04.2024r. w ramach obchodu \u015awiatowego Dnia \u015awiadomo\u015bci Autyzmu dzieci z grupy \u015aredniak\u00f3w na zaj\u0119ciach dowiedzia\u0142y si\u0119 jak funkcjonuj\u0105 osoby w spektrum autyzmu oraz wykona\u0142y prace na konkurs plastyczny &#8222;Niebieskie okulary&#8221;. Rysunki Ani i Ali K. zosta\u0142y wyr\u00f3\u017cnione. Gratulujemy!\" \/>\n<meta name=\"twitter:image\" content=\"http:\/\/przedszkole4.slawno.pl\/wp-content\/uploads\/2024\/04\/niebieskie-okulary.jpg\" \/>\n<meta name=\"twitter:label1\" content=\"Napisane przez\" \/>\n\t<meta name=\"twitter:data1\" content=\"Sylwia Ko\u015bka\" \/>\n<script type=\"application\/ld+json\" class=\"yoast-schema-graph\">{\"@context\":\"https:\\\/\\\/schema.org\",\"@graph\":[{\"@type\":\"Article\",\"@id\":\"https:\\\/\\\/przedszkole4.slawno.pl\\\/?p=7010#article\",\"isPartOf\":{\"@id\":\"https:\\\/\\\/przedszkole4.slawno.pl\\\/?p=7010\"},\"author\":{\"name\":\"Sylwia Ko\u015bka\",\"@id\":\"http:\\\/\\\/przedszkole4.slawno.pl\\\/#\\\/schema\\\/person\\\/3f1f73f8b8e61cb56b468b61f85adc11\"},\"headline\":\"\u015aWIATOWY DZIE\u0143 \u015aWIADOMO\u015aCI AUTYZMU\",\"datePublished\":\"2024-04-05T08:18:59+00:00\",\"dateModified\":\"2024-04-05T08:19:26+00:00\",\"mainEntityOfPage\":{\"@id\":\"https:\\\/\\\/przedszkole4.slawno.pl\\\/?p=7010\"},\"wordCount\":52,\"image\":{\"@id\":\"https:\\\/\\\/przedszkole4.slawno.pl\\\/?p=7010#primaryimage\"},\"thumbnailUrl\":\"http:\\\/\\\/przedszkole4.slawno.pl\\\/wp-content\\\/uploads\\\/2024\\\/04\\\/niebieskie-okulary-1024x463.jpg\",\"articleSection\":[\"Echo grupy - \u015aredniaki\"],\"inLanguage\":\"pl-PL\"},{\"@type\":\"WebPage\",\"@id\":\"https:\\\/\\\/przedszkole4.slawno.pl\\\/?p=7010\",\"url\":\"https:\\\/\\\/przedszkole4.slawno.pl\\\/?p=7010\",\"name\":\"\u015aWIATOWY DZIE\u0143 \u015aWIADOMO\u015aCI AUTYZMU - Przedszkole nr 4 im. Krasnala Ha\u0142aba\u0142y, \u017b\u0142obek Miejski w S\u0142awnie\",\"isPartOf\":{\"@id\":\"http:\\\/\\\/przedszkole4.slawno.pl\\\/#website\"},\"primaryImageOfPage\":{\"@id\":\"https:\\\/\\\/przedszkole4.slawno.pl\\\/?p=7010#primaryimage\"},\"image\":{\"@id\":\"https:\\\/\\\/przedszkole4.slawno.pl\\\/?p=7010#primaryimage\"},\"thumbnailUrl\":\"http:\\\/\\\/przedszkole4.slawno.pl\\\/wp-content\\\/uploads\\\/2024\\\/04\\\/niebieskie-okulary-1024x463.jpg\",\"datePublished\":\"2024-04-05T08:18:59+00:00\",\"dateModified\":\"2024-04-05T08:19:26+00:00\",\"author\":{\"@id\":\"http:\\\/\\\/przedszkole4.slawno.pl\\\/#\\\/schema\\\/person\\\/3f1f73f8b8e61cb56b468b61f85adc11\"},\"breadcrumb\":{\"@id\":\"https:\\\/\\\/przedszkole4.slawno.pl\\\/?p=7010#breadcrumb\"},\"inLanguage\":\"pl-PL\",\"potentialAction\":[{\"@type\":\"ReadAction\",\"target\":[\"https:\\\/\\\/przedszkole4.slawno.pl\\\/?p=7010\"]}]},{\"@type\":\"ImageObject\",\"inLanguage\":\"pl-PL\",\"@id\":\"https:\\\/\\\/przedszkole4.slawno.pl\\\/?p=7010#primaryimage\",\"url\":\"http:\\\/\\\/przedszkole4.slawno.pl\\\/wp-content\\\/uploads\\\/2024\\\/04\\\/niebieskie-okulary.jpg\",\"contentUrl\":\"http:\\\/\\\/przedszkole4.slawno.pl\\\/wp-content\\\/uploads\\\/2024\\\/04\\\/niebieskie-okulary.jpg\",\"width\":2048,\"height\":926},{\"@type\":\"BreadcrumbList\",\"@id\":\"https:\\\/\\\/przedszkole4.slawno.pl\\\/?p=7010#breadcrumb\",\"itemListElement\":[{\"@type\":\"ListItem\",\"position\":1,\"name\":\"Strona g\u0142\u00f3wna\",\"item\":\"http:\\\/\\\/przedszkole4.slawno.pl\\\/\"},{\"@type\":\"ListItem\",\"position\":2,\"name\":\"\u015aWIATOWY DZIE\u0143 \u015aWIADOMO\u015aCI AUTYZMU\"}]},{\"@type\":\"WebSite\",\"@id\":\"http:\\\/\\\/przedszkole4.slawno.pl\\\/#website\",\"url\":\"http:\\\/\\\/przedszkole4.slawno.pl\\\/\",\"name\":\"Przedszkole nr 4 im. Krasnala Ha\u0142aba\u0142y, \u017b\u0142obek Miejski w S\u0142awnie\",\"description\":\"Krasnal Ha\u0142aba\u0142a\",\"potentialAction\":[{\"@type\":\"SearchAction\",\"target\":{\"@type\":\"EntryPoint\",\"urlTemplate\":\"http:\\\/\\\/przedszkole4.slawno.pl\\\/?s={search_term_string}\"},\"query-input\":{\"@type\":\"PropertyValueSpecification\",\"valueRequired\":true,\"valueName\":\"search_term_string\"}}],\"inLanguage\":\"pl-PL\"},{\"@type\":\"Person\",\"@id\":\"http:\\\/\\\/przedszkole4.slawno.pl\\\/#\\\/schema\\\/person\\\/3f1f73f8b8e61cb56b468b61f85adc11\",\"name\":\"Sylwia Ko\u015bka\",\"sameAs\":[\"http:\\\/\\\/przedszkole4.slawno.pl\"],\"url\":\"http:\\\/\\\/przedszkole4.slawno.pl\\\/?author=4\"}]}<\/script>\n<!-- \/ Yoast SEO plugin. -->","yoast_head_json":{"title":"\u015aWIATOWY DZIE\u0143 \u015aWIADOMO\u015aCI AUTYZMU - Przedszkole nr 4 im. Krasnala Ha\u0142aba\u0142y, \u017b\u0142obek Miejski w S\u0142awnie","robots":{"index":"index","follow":"follow","max-snippet":"max-snippet:-1","max-image-preview":"max-image-preview:large","max-video-preview":"max-video-preview:-1"},"canonical":"https:\/\/przedszkole4.slawno.pl\/?p=7010","twitter_card":"summary_large_image","twitter_title":"\u015aWIATOWY DZIE\u0143 \u015aWIADOMO\u015aCI AUTYZMU - Przedszkole nr 4 im. Krasnala Ha\u0142aba\u0142y, \u017b\u0142obek Miejski w S\u0142awnie","twitter_description":"2.04.2024r. w ramach obchodu \u015awiatowego Dnia \u015awiadomo\u015bci Autyzmu dzieci z grupy \u015aredniak\u00f3w na zaj\u0119ciach dowiedzia\u0142y si\u0119 jak funkcjonuj\u0105 osoby w spektrum autyzmu oraz wykona\u0142y prace na konkurs plastyczny &#8222;Niebieskie okulary&#8221;. Rysunki Ani i Ali K. zosta\u0142y wyr\u00f3\u017cnione. Gratulujemy!","twitter_image":"http:\/\/przedszkole4.slawno.pl\/wp-content\/uploads\/2024\/04\/niebieskie-okulary.jpg","twitter_misc":{"Napisane przez":"Sylwia Ko\u015bka"},"schema":{"@context":"https:\/\/schema.org","@graph":[{"@type":"Article","@id":"https:\/\/przedszkole4.slawno.pl\/?p=7010#article","isPartOf":{"@id":"https:\/\/przedszkole4.slawno.pl\/?p=7010"},"author":{"name":"Sylwia Ko\u015bka","@id":"http:\/\/przedszkole4.slawno.pl\/#\/schema\/person\/3f1f73f8b8e61cb56b468b61f85adc11"},"headline":"\u015aWIATOWY DZIE\u0143 \u015aWIADOMO\u015aCI AUTYZMU","datePublished":"2024-04-05T08:18:59+00:00","dateModified":"2024-04-05T08:19:26+00:00","mainEntityOfPage":{"@id":"https:\/\/przedszkole4.slawno.pl\/?p=7010"},"wordCount":52,"image":{"@id":"https:\/\/przedszkole4.slawno.pl\/?p=7010#primaryimage"},"thumbnailUrl":"http:\/\/przedszkole4.slawno.pl\/wp-content\/uploads\/2024\/04\/niebieskie-okulary-1024x463.jpg","articleSection":["Echo grupy - \u015aredniaki"],"inLanguage":"pl-PL"},{"@type":"WebPage","@id":"https:\/\/przedszkole4.slawno.pl\/?p=7010","url":"https:\/\/przedszkole4.slawno.pl\/?p=7010","name":"\u015aWIATOWY DZIE\u0143 \u015aWIADOMO\u015aCI AUTYZMU - Przedszkole nr 4 im. Krasnala Ha\u0142aba\u0142y, \u017b\u0142obek Miejski w S\u0142awnie","isPartOf":{"@id":"http:\/\/przedszkole4.slawno.pl\/#website"},"primaryImageOfPage":{"@id":"https:\/\/przedszkole4.slawno.pl\/?p=7010#primaryimage"},"image":{"@id":"https:\/\/przedszkole4.slawno.pl\/?p=7010#primaryimage"},"thumbnailUrl":"http:\/\/przedszkole4.slawno.pl\/wp-content\/uploads\/2024\/04\/niebieskie-okulary-1024x463.jpg","datePublished":"2024-04-05T08:18:59+00:00","dateModified":"2024-04-05T08:19:26+00:00","author":{"@id":"http:\/\/przedszkole4.slawno.pl\/#\/schema\/person\/3f1f73f8b8e61cb56b468b61f85adc11"},"breadcrumb":{"@id":"https:\/\/przedszkole4.slawno.pl\/?p=7010#breadcrumb"},"inLanguage":"pl-PL","potentialAction":[{"@type":"ReadAction","target":["https:\/\/przedszkole4.slawno.pl\/?p=7010"]}]},{"@type":"ImageObject","inLanguage":"pl-PL","@id":"https:\/\/przedszkole4.slawno.pl\/?p=7010#primaryimage","url":"http:\/\/przedszkole4.slawno.pl\/wp-content\/uploads\/2024\/04\/niebieskie-okulary.jpg","contentUrl":"http:\/\/przedszkole4.slawno.pl\/wp-content\/uploads\/2024\/04\/niebieskie-okulary.jpg","width":2048,"height":926},{"@type":"BreadcrumbList","@id":"https:\/\/przedszkole4.slawno.pl\/?p=7010#breadcrumb","itemListElement":[{"@type":"ListItem","position":1,"name":"Strona g\u0142\u00f3wna","item":"http:\/\/przedszkole4.slawno.pl\/"},{"@type":"ListItem","position":2,"name":"\u015aWIATOWY DZIE\u0143 \u015aWIADOMO\u015aCI AUTYZMU"}]},{"@type":"WebSite","@id":"http:\/\/przedszkole4.slawno.pl\/#website","url":"http:\/\/przedszkole4.slawno.pl\/","name":"Przedszkole nr 4 im. Krasnala Ha\u0142aba\u0142y, \u017b\u0142obek Miejski w S\u0142awnie","description":"Krasnal Ha\u0142aba\u0142a","potentialAction":[{"@type":"SearchAction","target":{"@type":"EntryPoint","urlTemplate":"http:\/\/przedszkole4.slawno.pl\/?s={search_term_string}"},"query-input":{"@type":"PropertyValueSpecification","valueRequired":true,"valueName":"search_term_string"}}],"inLanguage":"pl-PL"},{"@type":"Person","@id":"http:\/\/przedszkole4.slawno.pl\/#\/schema\/person\/3f1f73f8b8e61cb56b468b61f85adc11","name":"Sylwia Ko\u015bka","sameAs":["http:\/\/przedszkole4.slawno.pl"],"url":"http:\/\/przedszkole4.slawno.pl\/?author=4"}]}},"_links":{"self":[{"href":"http:\/\/przedszkole4.slawno.pl\/index.php?rest_route=\/wp\/v2\/posts\/7010","targetHints":{"allow":["GET"]}}],"collection":[{"href":"http:\/\/przedszkole4.slawno.pl\/index.php?rest_route=\/wp\/v2\/posts"}],"about":[{"href":"http:\/\/przedszkole4.slawno.pl\/index.php?rest_route=\/wp\/v2\/types\/post"}],"author":[{"embeddable":true,"href":"http:\/\/przedszkole4.slawno.pl\/index.php?rest_route=\/wp\/v2\/users\/4"}],"replies":[{"embeddable":true,"href":"http:\/\/przedszkole4.slawno.pl\/index.php?rest_route=%2Fwp%2Fv2%2Fcomments&post=7010"}],"version-history":[{"count":1,"href":"http:\/\/przedszkole4.slawno.pl\/index.php?rest_route=\/wp\/v2\/posts\/7010\/revisions"}],"predecessor-version":[{"id":7013,"href":"http:\/\/przedszkole4.slawno.pl\/index.php?rest_route=\/wp\/v2\/posts\/7010\/revisions\/7013"}],"wp:attachment":[{"href":"http:\/\/przedszkole4.slawno.pl\/index.php?rest_route=%2Fwp%2Fv2%2Fmedia&parent=7010"}],"wp:term":[{"taxonomy":"category","embeddable":true,"href":"http:\/\/przedszkole4.slawno.pl\/index.php?rest_route=%2Fwp%2Fv2%2Fcategories&post=7010"},{"taxonomy":"post_tag","embeddable":true,"href":"http:\/\/przedszkole4.slawno.pl\/index.php?rest_route=%2Fwp%2Fv2%2Ftags&post=7010"}],"curies":[{"name":"wp","href":"https:\/\/api.w.org\/{rel}","templated":true}]}}