{"id":7211,"date":"2024-04-26T13:46:48","date_gmt":"2024-04-26T11:46:48","guid":{"rendered":"http:\/\/przedszkole4.slawno.pl\/?p=7211"},"modified":"2024-04-26T13:46:50","modified_gmt":"2024-04-26T11:46:50","slug":"sprzatamydlapolski-vii-edycja","status":"publish","type":"post","link":"http:\/\/przedszkole4.slawno.pl\/?p=7211","title":{"rendered":"#Sprz\u0105tamyDlaPolski VII edycja"},"content":{"rendered":"\n<p><\/p>\n\n\n\n<p> 22 kwietnia 2024r. przedszkolaki z grupy \u015aredniak\u00f3w uczestniczy\u0142y w VII edycji #Sprz\u0105tamy dla Polski. <\/p>\n\n\n\n<figure class=\"wp-block-image size-large\"><img loading=\"lazy\" decoding=\"async\" width=\"1024\" height=\"1024\" src=\"http:\/\/przedszkole4.slawno.pl\/wp-content\/uploads\/2024\/04\/1-Sredn-1024x1024.jpg\" alt=\"Dzieci sprz\u0105taj\u0105 papierki w alejce kasztanowej obok przedszkola.\" class=\"wp-image-7212\" srcset=\"http:\/\/przedszkole4.slawno.pl\/wp-content\/uploads\/2024\/04\/1-Sredn-1024x1024.jpg 1024w, http:\/\/przedszkole4.slawno.pl\/wp-content\/uploads\/2024\/04\/1-Sredn-300x300.jpg 300w, http:\/\/przedszkole4.slawno.pl\/wp-content\/uploads\/2024\/04\/1-Sredn-150x150.jpg 150w, http:\/\/przedszkole4.slawno.pl\/wp-content\/uploads\/2024\/04\/1-Sredn-768x768.jpg 768w, http:\/\/przedszkole4.slawno.pl\/wp-content\/uploads\/2024\/04\/1-Sredn-1200x1200.jpg 1200w, http:\/\/przedszkole4.slawno.pl\/wp-content\/uploads\/2024\/04\/1-Sredn.jpg 1242w\" sizes=\"auto, (max-width: 709px) 85vw, (max-width: 909px) 67vw, (max-width: 1362px) 62vw, 840px\" \/><figcaption class=\"wp-element-caption\">Fot. 1<\/figcaption><\/figure>\n\n\n\n<figure class=\"wp-block-image size-large\"><img loading=\"lazy\" decoding=\"async\" width=\"1024\" height=\"1024\" src=\"http:\/\/przedszkole4.slawno.pl\/wp-content\/uploads\/2024\/04\/2-sprza-1024x1024.jpg\" alt=\"Dzieci sprz\u0105taj\u0105 papierki w alejce kasztanowej obok przedszkola.\" class=\"wp-image-7213\" srcset=\"http:\/\/przedszkole4.slawno.pl\/wp-content\/uploads\/2024\/04\/2-sprza-1024x1024.jpg 1024w, http:\/\/przedszkole4.slawno.pl\/wp-content\/uploads\/2024\/04\/2-sprza-300x300.jpg 300w, http:\/\/przedszkole4.slawno.pl\/wp-content\/uploads\/2024\/04\/2-sprza-150x150.jpg 150w, http:\/\/przedszkole4.slawno.pl\/wp-content\/uploads\/2024\/04\/2-sprza-768x768.jpg 768w, http:\/\/przedszkole4.slawno.pl\/wp-content\/uploads\/2024\/04\/2-sprza-1200x1200.jpg 1200w, http:\/\/przedszkole4.slawno.pl\/wp-content\/uploads\/2024\/04\/2-sprza.jpg 1242w\" sizes=\"auto, (max-width: 709px) 85vw, (max-width: 909px) 67vw, (max-width: 1362px) 62vw, 840px\" \/><\/figure>\n\n\n\n<p>Fot. 2<\/p>\n","protected":false},"excerpt":{"rendered":"<p>22 kwietnia 2024r. przedszkolaki z grupy \u015aredniak\u00f3w uczestniczy\u0142y w VII edycji #Sprz\u0105tamy dla Polski. Fot. 2<\/p>\n","protected":false},"author":4,"featured_media":0,"comment_status":"closed","ping_status":"closed","sticky":false,"template":"","format":"standard","meta":{"footnotes":""},"categories":[24],"tags":[],"class_list":["post-7211","post","type-post","status-publish","format-standard","hentry","category-echosr"],"yoast_head":"<!-- This site is optimized with the Yoast SEO plugin v27.5 - https:\/\/yoast.com\/product\/yoast-seo-wordpress\/ -->\n<title>#Sprz\u0105tamyDlaPolski VII edycja - Przedszkole nr 4 im. Krasnala Ha\u0142aba\u0142y, \u017b\u0142obek Miejski w S\u0142awnie<\/title>\n<meta name=\"robots\" content=\"index, follow, max-snippet:-1, max-image-preview:large, max-video-preview:-1\" \/>\n<link rel=\"canonical\" href=\"https:\/\/przedszkole4.slawno.pl\/?p=7211\" \/>\n<meta name=\"twitter:card\" content=\"summary_large_image\" \/>\n<meta name=\"twitter:title\" content=\"#Sprz\u0105tamyDlaPolski VII edycja - Przedszkole nr 4 im. Krasnala Ha\u0142aba\u0142y, \u017b\u0142obek Miejski w S\u0142awnie\" \/>\n<meta name=\"twitter:description\" content=\"22 kwietnia 2024r. przedszkolaki z grupy \u015aredniak\u00f3w uczestniczy\u0142y w VII edycji #Sprz\u0105tamy dla Polski. Fot. 2\" \/>\n<meta name=\"twitter:image\" content=\"http:\/\/przedszkole4.slawno.pl\/wp-content\/uploads\/2024\/04\/1-Sredn.jpg\" \/>\n<meta name=\"twitter:label1\" content=\"Napisane przez\" \/>\n\t<meta name=\"twitter:data1\" content=\"Sylwia Ko\u015bka\" \/>\n<script type=\"application\/ld+json\" class=\"yoast-schema-graph\">{\"@context\":\"https:\\\/\\\/schema.org\",\"@graph\":[{\"@type\":\"Article\",\"@id\":\"https:\\\/\\\/przedszkole4.slawno.pl\\\/?p=7211#article\",\"isPartOf\":{\"@id\":\"https:\\\/\\\/przedszkole4.slawno.pl\\\/?p=7211\"},\"author\":{\"name\":\"Sylwia Ko\u015bka\",\"@id\":\"http:\\\/\\\/przedszkole4.slawno.pl\\\/#\\\/schema\\\/person\\\/3f1f73f8b8e61cb56b468b61f85adc11\"},\"headline\":\"#Sprz\u0105tamyDlaPolski VII edycja\",\"datePublished\":\"2024-04-26T11:46:48+00:00\",\"dateModified\":\"2024-04-26T11:46:50+00:00\",\"mainEntityOfPage\":{\"@id\":\"https:\\\/\\\/przedszkole4.slawno.pl\\\/?p=7211\"},\"wordCount\":22,\"image\":{\"@id\":\"https:\\\/\\\/przedszkole4.slawno.pl\\\/?p=7211#primaryimage\"},\"thumbnailUrl\":\"http:\\\/\\\/przedszkole4.slawno.pl\\\/wp-content\\\/uploads\\\/2024\\\/04\\\/1-Sredn-1024x1024.jpg\",\"articleSection\":[\"Echo grupy - \u015aredniaki\"],\"inLanguage\":\"pl-PL\"},{\"@type\":\"WebPage\",\"@id\":\"https:\\\/\\\/przedszkole4.slawno.pl\\\/?p=7211\",\"url\":\"https:\\\/\\\/przedszkole4.slawno.pl\\\/?p=7211\",\"name\":\"#Sprz\u0105tamyDlaPolski VII edycja - Przedszkole nr 4 im. Krasnala Ha\u0142aba\u0142y, \u017b\u0142obek Miejski w S\u0142awnie\",\"isPartOf\":{\"@id\":\"http:\\\/\\\/przedszkole4.slawno.pl\\\/#website\"},\"primaryImageOfPage\":{\"@id\":\"https:\\\/\\\/przedszkole4.slawno.pl\\\/?p=7211#primaryimage\"},\"image\":{\"@id\":\"https:\\\/\\\/przedszkole4.slawno.pl\\\/?p=7211#primaryimage\"},\"thumbnailUrl\":\"http:\\\/\\\/przedszkole4.slawno.pl\\\/wp-content\\\/uploads\\\/2024\\\/04\\\/1-Sredn-1024x1024.jpg\",\"datePublished\":\"2024-04-26T11:46:48+00:00\",\"dateModified\":\"2024-04-26T11:46:50+00:00\",\"author\":{\"@id\":\"http:\\\/\\\/przedszkole4.slawno.pl\\\/#\\\/schema\\\/person\\\/3f1f73f8b8e61cb56b468b61f85adc11\"},\"breadcrumb\":{\"@id\":\"https:\\\/\\\/przedszkole4.slawno.pl\\\/?p=7211#breadcrumb\"},\"inLanguage\":\"pl-PL\",\"potentialAction\":[{\"@type\":\"ReadAction\",\"target\":[\"https:\\\/\\\/przedszkole4.slawno.pl\\\/?p=7211\"]}]},{\"@type\":\"ImageObject\",\"inLanguage\":\"pl-PL\",\"@id\":\"https:\\\/\\\/przedszkole4.slawno.pl\\\/?p=7211#primaryimage\",\"url\":\"http:\\\/\\\/przedszkole4.slawno.pl\\\/wp-content\\\/uploads\\\/2024\\\/04\\\/1-Sredn.jpg\",\"contentUrl\":\"http:\\\/\\\/przedszkole4.slawno.pl\\\/wp-content\\\/uploads\\\/2024\\\/04\\\/1-Sredn.jpg\",\"width\":1242,\"height\":1242},{\"@type\":\"BreadcrumbList\",\"@id\":\"https:\\\/\\\/przedszkole4.slawno.pl\\\/?p=7211#breadcrumb\",\"itemListElement\":[{\"@type\":\"ListItem\",\"position\":1,\"name\":\"Strona g\u0142\u00f3wna\",\"item\":\"http:\\\/\\\/przedszkole4.slawno.pl\\\/\"},{\"@type\":\"ListItem\",\"position\":2,\"name\":\"#Sprz\u0105tamyDlaPolski VII edycja\"}]},{\"@type\":\"WebSite\",\"@id\":\"http:\\\/\\\/przedszkole4.slawno.pl\\\/#website\",\"url\":\"http:\\\/\\\/przedszkole4.slawno.pl\\\/\",\"name\":\"Przedszkole nr 4 im. Krasnala Ha\u0142aba\u0142y, \u017b\u0142obek Miejski w S\u0142awnie\",\"description\":\"Krasnal Ha\u0142aba\u0142a\",\"potentialAction\":[{\"@type\":\"SearchAction\",\"target\":{\"@type\":\"EntryPoint\",\"urlTemplate\":\"http:\\\/\\\/przedszkole4.slawno.pl\\\/?s={search_term_string}\"},\"query-input\":{\"@type\":\"PropertyValueSpecification\",\"valueRequired\":true,\"valueName\":\"search_term_string\"}}],\"inLanguage\":\"pl-PL\"},{\"@type\":\"Person\",\"@id\":\"http:\\\/\\\/przedszkole4.slawno.pl\\\/#\\\/schema\\\/person\\\/3f1f73f8b8e61cb56b468b61f85adc11\",\"name\":\"Sylwia Ko\u015bka\",\"sameAs\":[\"http:\\\/\\\/przedszkole4.slawno.pl\"],\"url\":\"http:\\\/\\\/przedszkole4.slawno.pl\\\/?author=4\"}]}<\/script>\n<!-- \/ Yoast SEO plugin. -->","yoast_head_json":{"title":"#Sprz\u0105tamyDlaPolski VII edycja - Przedszkole nr 4 im. Krasnala Ha\u0142aba\u0142y, \u017b\u0142obek Miejski w S\u0142awnie","robots":{"index":"index","follow":"follow","max-snippet":"max-snippet:-1","max-image-preview":"max-image-preview:large","max-video-preview":"max-video-preview:-1"},"canonical":"https:\/\/przedszkole4.slawno.pl\/?p=7211","twitter_card":"summary_large_image","twitter_title":"#Sprz\u0105tamyDlaPolski VII edycja - Przedszkole nr 4 im. Krasnala Ha\u0142aba\u0142y, \u017b\u0142obek Miejski w S\u0142awnie","twitter_description":"22 kwietnia 2024r. przedszkolaki z grupy \u015aredniak\u00f3w uczestniczy\u0142y w VII edycji #Sprz\u0105tamy dla Polski. Fot. 2","twitter_image":"http:\/\/przedszkole4.slawno.pl\/wp-content\/uploads\/2024\/04\/1-Sredn.jpg","twitter_misc":{"Napisane przez":"Sylwia Ko\u015bka"},"schema":{"@context":"https:\/\/schema.org","@graph":[{"@type":"Article","@id":"https:\/\/przedszkole4.slawno.pl\/?p=7211#article","isPartOf":{"@id":"https:\/\/przedszkole4.slawno.pl\/?p=7211"},"author":{"name":"Sylwia Ko\u015bka","@id":"http:\/\/przedszkole4.slawno.pl\/#\/schema\/person\/3f1f73f8b8e61cb56b468b61f85adc11"},"headline":"#Sprz\u0105tamyDlaPolski VII edycja","datePublished":"2024-04-26T11:46:48+00:00","dateModified":"2024-04-26T11:46:50+00:00","mainEntityOfPage":{"@id":"https:\/\/przedszkole4.slawno.pl\/?p=7211"},"wordCount":22,"image":{"@id":"https:\/\/przedszkole4.slawno.pl\/?p=7211#primaryimage"},"thumbnailUrl":"http:\/\/przedszkole4.slawno.pl\/wp-content\/uploads\/2024\/04\/1-Sredn-1024x1024.jpg","articleSection":["Echo grupy - \u015aredniaki"],"inLanguage":"pl-PL"},{"@type":"WebPage","@id":"https:\/\/przedszkole4.slawno.pl\/?p=7211","url":"https:\/\/przedszkole4.slawno.pl\/?p=7211","name":"#Sprz\u0105tamyDlaPolski VII edycja - Przedszkole nr 4 im. Krasnala Ha\u0142aba\u0142y, \u017b\u0142obek Miejski w S\u0142awnie","isPartOf":{"@id":"http:\/\/przedszkole4.slawno.pl\/#website"},"primaryImageOfPage":{"@id":"https:\/\/przedszkole4.slawno.pl\/?p=7211#primaryimage"},"image":{"@id":"https:\/\/przedszkole4.slawno.pl\/?p=7211#primaryimage"},"thumbnailUrl":"http:\/\/przedszkole4.slawno.pl\/wp-content\/uploads\/2024\/04\/1-Sredn-1024x1024.jpg","datePublished":"2024-04-26T11:46:48+00:00","dateModified":"2024-04-26T11:46:50+00:00","author":{"@id":"http:\/\/przedszkole4.slawno.pl\/#\/schema\/person\/3f1f73f8b8e61cb56b468b61f85adc11"},"breadcrumb":{"@id":"https:\/\/przedszkole4.slawno.pl\/?p=7211#breadcrumb"},"inLanguage":"pl-PL","potentialAction":[{"@type":"ReadAction","target":["https:\/\/przedszkole4.slawno.pl\/?p=7211"]}]},{"@type":"ImageObject","inLanguage":"pl-PL","@id":"https:\/\/przedszkole4.slawno.pl\/?p=7211#primaryimage","url":"http:\/\/przedszkole4.slawno.pl\/wp-content\/uploads\/2024\/04\/1-Sredn.jpg","contentUrl":"http:\/\/przedszkole4.slawno.pl\/wp-content\/uploads\/2024\/04\/1-Sredn.jpg","width":1242,"height":1242},{"@type":"BreadcrumbList","@id":"https:\/\/przedszkole4.slawno.pl\/?p=7211#breadcrumb","itemListElement":[{"@type":"ListItem","position":1,"name":"Strona g\u0142\u00f3wna","item":"http:\/\/przedszkole4.slawno.pl\/"},{"@type":"ListItem","position":2,"name":"#Sprz\u0105tamyDlaPolski VII edycja"}]},{"@type":"WebSite","@id":"http:\/\/przedszkole4.slawno.pl\/#website","url":"http:\/\/przedszkole4.slawno.pl\/","name":"Przedszkole nr 4 im. Krasnala Ha\u0142aba\u0142y, \u017b\u0142obek Miejski w S\u0142awnie","description":"Krasnal Ha\u0142aba\u0142a","potentialAction":[{"@type":"SearchAction","target":{"@type":"EntryPoint","urlTemplate":"http:\/\/przedszkole4.slawno.pl\/?s={search_term_string}"},"query-input":{"@type":"PropertyValueSpecification","valueRequired":true,"valueName":"search_term_string"}}],"inLanguage":"pl-PL"},{"@type":"Person","@id":"http:\/\/przedszkole4.slawno.pl\/#\/schema\/person\/3f1f73f8b8e61cb56b468b61f85adc11","name":"Sylwia Ko\u015bka","sameAs":["http:\/\/przedszkole4.slawno.pl"],"url":"http:\/\/przedszkole4.slawno.pl\/?author=4"}]}},"_links":{"self":[{"href":"http:\/\/przedszkole4.slawno.pl\/index.php?rest_route=\/wp\/v2\/posts\/7211","targetHints":{"allow":["GET"]}}],"collection":[{"href":"http:\/\/przedszkole4.slawno.pl\/index.php?rest_route=\/wp\/v2\/posts"}],"about":[{"href":"http:\/\/przedszkole4.slawno.pl\/index.php?rest_route=\/wp\/v2\/types\/post"}],"author":[{"embeddable":true,"href":"http:\/\/przedszkole4.slawno.pl\/index.php?rest_route=\/wp\/v2\/users\/4"}],"replies":[{"embeddable":true,"href":"http:\/\/przedszkole4.slawno.pl\/index.php?rest_route=%2Fwp%2Fv2%2Fcomments&post=7211"}],"version-history":[{"count":1,"href":"http:\/\/przedszkole4.slawno.pl\/index.php?rest_route=\/wp\/v2\/posts\/7211\/revisions"}],"predecessor-version":[{"id":7214,"href":"http:\/\/przedszkole4.slawno.pl\/index.php?rest_route=\/wp\/v2\/posts\/7211\/revisions\/7214"}],"wp:attachment":[{"href":"http:\/\/przedszkole4.slawno.pl\/index.php?rest_route=%2Fwp%2Fv2%2Fmedia&parent=7211"}],"wp:term":[{"taxonomy":"category","embeddable":true,"href":"http:\/\/przedszkole4.slawno.pl\/index.php?rest_route=%2Fwp%2Fv2%2Fcategories&post=7211"},{"taxonomy":"post_tag","embeddable":true,"href":"http:\/\/przedszkole4.slawno.pl\/index.php?rest_route=%2Fwp%2Fv2%2Ftags&post=7211"}],"curies":[{"name":"wp","href":"https:\/\/api.w.org\/{rel}","templated":true}]}}