{"id":7380,"date":"2024-05-22T09:54:15","date_gmt":"2024-05-22T07:54:15","guid":{"rendered":"http:\/\/przedszkole4.slawno.pl\/?p=7380"},"modified":"2024-05-22T09:54:17","modified_gmt":"2024-05-22T07:54:17","slug":"spektakl-muzyczny-alicja-w-krainie-czarow","status":"publish","type":"post","link":"http:\/\/przedszkole4.slawno.pl\/?p=7380","title":{"rendered":"SPEKTAKL MUZYCZNY \u201eALICJA W KRAINIE CZAR\u00d3W\u201d"},"content":{"rendered":"\n<figure class=\"wp-block-gallery has-nested-images columns-default is-cropped wp-block-gallery-1 is-layout-flex wp-block-gallery-is-layout-flex\">\n<figure class=\"wp-block-image size-large\"><img loading=\"lazy\" decoding=\"async\" width=\"768\" height=\"1024\" data-id=\"7382\" src=\"http:\/\/przedszkole4.slawno.pl\/wp-content\/uploads\/2024\/05\/IMG_4018-768x1024.jpeg\" alt=\"\" class=\"wp-image-7382\" srcset=\"http:\/\/przedszkole4.slawno.pl\/wp-content\/uploads\/2024\/05\/IMG_4018-768x1024.jpeg 768w, http:\/\/przedszkole4.slawno.pl\/wp-content\/uploads\/2024\/05\/IMG_4018-225x300.jpeg 225w, http:\/\/przedszkole4.slawno.pl\/wp-content\/uploads\/2024\/05\/IMG_4018-1152x1536.jpeg 1152w, http:\/\/przedszkole4.slawno.pl\/wp-content\/uploads\/2024\/05\/IMG_4018-1536x2048.jpeg 1536w, http:\/\/przedszkole4.slawno.pl\/wp-content\/uploads\/2024\/05\/IMG_4018-1200x1600.jpeg 1200w, http:\/\/przedszkole4.slawno.pl\/wp-content\/uploads\/2024\/05\/IMG_4018-scaled.jpeg 1920w\" sizes=\"auto, (max-width: 709px) 85vw, (max-width: 909px) 67vw, (max-width: 984px) 61vw, (max-width: 1362px) 45vw, 600px\" \/><\/figure>\n\n\n\n<figure class=\"wp-block-image size-large\"><img loading=\"lazy\" decoding=\"async\" width=\"768\" height=\"1024\" data-id=\"7384\" src=\"http:\/\/przedszkole4.slawno.pl\/wp-content\/uploads\/2024\/05\/IMG_4019-768x1024.jpeg\" alt=\"\" class=\"wp-image-7384\" srcset=\"http:\/\/przedszkole4.slawno.pl\/wp-content\/uploads\/2024\/05\/IMG_4019-768x1024.jpeg 768w, http:\/\/przedszkole4.slawno.pl\/wp-content\/uploads\/2024\/05\/IMG_4019-225x300.jpeg 225w, http:\/\/przedszkole4.slawno.pl\/wp-content\/uploads\/2024\/05\/IMG_4019-1152x1536.jpeg 1152w, http:\/\/przedszkole4.slawno.pl\/wp-content\/uploads\/2024\/05\/IMG_4019-1536x2048.jpeg 1536w, http:\/\/przedszkole4.slawno.pl\/wp-content\/uploads\/2024\/05\/IMG_4019-1200x1600.jpeg 1200w, http:\/\/przedszkole4.slawno.pl\/wp-content\/uploads\/2024\/05\/IMG_4019-scaled.jpeg 1920w\" sizes=\"auto, (max-width: 709px) 85vw, (max-width: 909px) 67vw, (max-width: 984px) 61vw, (max-width: 1362px) 45vw, 600px\" \/><\/figure>\n\n\n\n<figure class=\"wp-block-image size-large\"><img loading=\"lazy\" decoding=\"async\" width=\"768\" height=\"1024\" data-id=\"7386\" src=\"http:\/\/przedszkole4.slawno.pl\/wp-content\/uploads\/2024\/05\/IMG_4020-768x1024.jpeg\" alt=\"\" class=\"wp-image-7386\" srcset=\"http:\/\/przedszkole4.slawno.pl\/wp-content\/uploads\/2024\/05\/IMG_4020-768x1024.jpeg 768w, http:\/\/przedszkole4.slawno.pl\/wp-content\/uploads\/2024\/05\/IMG_4020-225x300.jpeg 225w, http:\/\/przedszkole4.slawno.pl\/wp-content\/uploads\/2024\/05\/IMG_4020-1152x1536.jpeg 1152w, http:\/\/przedszkole4.slawno.pl\/wp-content\/uploads\/2024\/05\/IMG_4020-1536x2048.jpeg 1536w, http:\/\/przedszkole4.slawno.pl\/wp-content\/uploads\/2024\/05\/IMG_4020-1200x1600.jpeg 1200w, http:\/\/przedszkole4.slawno.pl\/wp-content\/uploads\/2024\/05\/IMG_4020-scaled.jpeg 1920w\" sizes=\"auto, (max-width: 709px) 85vw, (max-width: 909px) 67vw, (max-width: 984px) 61vw, (max-width: 1362px) 45vw, 600px\" \/><\/figure>\n\n\n\n<figure class=\"wp-block-image size-large\"><img loading=\"lazy\" decoding=\"async\" width=\"768\" height=\"1024\" data-id=\"7381\" src=\"http:\/\/przedszkole4.slawno.pl\/wp-content\/uploads\/2024\/05\/IMG_4021-768x1024.jpeg\" alt=\"\" class=\"wp-image-7381\" srcset=\"http:\/\/przedszkole4.slawno.pl\/wp-content\/uploads\/2024\/05\/IMG_4021-768x1024.jpeg 768w, http:\/\/przedszkole4.slawno.pl\/wp-content\/uploads\/2024\/05\/IMG_4021-225x300.jpeg 225w, http:\/\/przedszkole4.slawno.pl\/wp-content\/uploads\/2024\/05\/IMG_4021-1152x1536.jpeg 1152w, http:\/\/przedszkole4.slawno.pl\/wp-content\/uploads\/2024\/05\/IMG_4021-1536x2048.jpeg 1536w, http:\/\/przedszkole4.slawno.pl\/wp-content\/uploads\/2024\/05\/IMG_4021-1200x1600.jpeg 1200w, http:\/\/przedszkole4.slawno.pl\/wp-content\/uploads\/2024\/05\/IMG_4021-scaled.jpeg 1920w\" sizes=\"auto, (max-width: 709px) 85vw, (max-width: 909px) 67vw, (max-width: 984px) 61vw, (max-width: 1362px) 45vw, 600px\" \/><\/figure>\n\n\n\n<figure class=\"wp-block-image size-large\"><img loading=\"lazy\" decoding=\"async\" width=\"768\" height=\"1024\" data-id=\"7383\" src=\"http:\/\/przedszkole4.slawno.pl\/wp-content\/uploads\/2024\/05\/IMG_4022-768x1024.jpeg\" alt=\"\" class=\"wp-image-7383\" srcset=\"http:\/\/przedszkole4.slawno.pl\/wp-content\/uploads\/2024\/05\/IMG_4022-768x1024.jpeg 768w, http:\/\/przedszkole4.slawno.pl\/wp-content\/uploads\/2024\/05\/IMG_4022-225x300.jpeg 225w, http:\/\/przedszkole4.slawno.pl\/wp-content\/uploads\/2024\/05\/IMG_4022-1152x1536.jpeg 1152w, http:\/\/przedszkole4.slawno.pl\/wp-content\/uploads\/2024\/05\/IMG_4022-1536x2048.jpeg 1536w, http:\/\/przedszkole4.slawno.pl\/wp-content\/uploads\/2024\/05\/IMG_4022-1200x1600.jpeg 1200w, http:\/\/przedszkole4.slawno.pl\/wp-content\/uploads\/2024\/05\/IMG_4022-scaled.jpeg 1920w\" sizes=\"auto, (max-width: 709px) 85vw, (max-width: 909px) 67vw, (max-width: 984px) 61vw, (max-width: 1362px) 45vw, 600px\" \/><\/figure>\n\n\n\n<figure class=\"wp-block-image size-large\"><img loading=\"lazy\" decoding=\"async\" width=\"768\" height=\"1024\" data-id=\"7387\" src=\"http:\/\/przedszkole4.slawno.pl\/wp-content\/uploads\/2024\/05\/IMG_4023-768x1024.jpeg\" alt=\"\" class=\"wp-image-7387\" srcset=\"http:\/\/przedszkole4.slawno.pl\/wp-content\/uploads\/2024\/05\/IMG_4023-768x1024.jpeg 768w, http:\/\/przedszkole4.slawno.pl\/wp-content\/uploads\/2024\/05\/IMG_4023-225x300.jpeg 225w, http:\/\/przedszkole4.slawno.pl\/wp-content\/uploads\/2024\/05\/IMG_4023-1152x1536.jpeg 1152w, http:\/\/przedszkole4.slawno.pl\/wp-content\/uploads\/2024\/05\/IMG_4023-1536x2048.jpeg 1536w, http:\/\/przedszkole4.slawno.pl\/wp-content\/uploads\/2024\/05\/IMG_4023-1200x1600.jpeg 1200w, http:\/\/przedszkole4.slawno.pl\/wp-content\/uploads\/2024\/05\/IMG_4023-scaled.jpeg 1920w\" sizes=\"auto, (max-width: 709px) 85vw, (max-width: 909px) 67vw, (max-width: 984px) 61vw, (max-width: 1362px) 45vw, 600px\" \/><\/figure>\n\n\n\n<figure class=\"wp-block-image size-large\"><img loading=\"lazy\" decoding=\"async\" width=\"768\" height=\"1024\" data-id=\"7391\" src=\"http:\/\/przedszkole4.slawno.pl\/wp-content\/uploads\/2024\/05\/IMG_4024-768x1024.jpeg\" alt=\"\" class=\"wp-image-7391\" srcset=\"http:\/\/przedszkole4.slawno.pl\/wp-content\/uploads\/2024\/05\/IMG_4024-768x1024.jpeg 768w, http:\/\/przedszkole4.slawno.pl\/wp-content\/uploads\/2024\/05\/IMG_4024-225x300.jpeg 225w, http:\/\/przedszkole4.slawno.pl\/wp-content\/uploads\/2024\/05\/IMG_4024-1152x1536.jpeg 1152w, http:\/\/przedszkole4.slawno.pl\/wp-content\/uploads\/2024\/05\/IMG_4024-1536x2048.jpeg 1536w, http:\/\/przedszkole4.slawno.pl\/wp-content\/uploads\/2024\/05\/IMG_4024-1200x1600.jpeg 1200w, http:\/\/przedszkole4.slawno.pl\/wp-content\/uploads\/2024\/05\/IMG_4024-scaled.jpeg 1920w\" sizes=\"auto, (max-width: 709px) 85vw, (max-width: 909px) 67vw, (max-width: 984px) 61vw, (max-width: 1362px) 45vw, 600px\" \/><\/figure>\n\n\n\n<figure class=\"wp-block-image size-large\"><img loading=\"lazy\" decoding=\"async\" width=\"768\" height=\"1024\" data-id=\"7390\" src=\"http:\/\/przedszkole4.slawno.pl\/wp-content\/uploads\/2024\/05\/IMG_4025-768x1024.jpeg\" alt=\"\" class=\"wp-image-7390\" srcset=\"http:\/\/przedszkole4.slawno.pl\/wp-content\/uploads\/2024\/05\/IMG_4025-768x1024.jpeg 768w, http:\/\/przedszkole4.slawno.pl\/wp-content\/uploads\/2024\/05\/IMG_4025-225x300.jpeg 225w, http:\/\/przedszkole4.slawno.pl\/wp-content\/uploads\/2024\/05\/IMG_4025-1152x1536.jpeg 1152w, http:\/\/przedszkole4.slawno.pl\/wp-content\/uploads\/2024\/05\/IMG_4025-1536x2048.jpeg 1536w, http:\/\/przedszkole4.slawno.pl\/wp-content\/uploads\/2024\/05\/IMG_4025-1200x1600.jpeg 1200w, http:\/\/przedszkole4.slawno.pl\/wp-content\/uploads\/2024\/05\/IMG_4025-scaled.jpeg 1920w\" sizes=\"auto, (max-width: 709px) 85vw, (max-width: 909px) 67vw, (max-width: 984px) 61vw, (max-width: 1362px) 45vw, 600px\" \/><\/figure>\n\n\n\n<figure class=\"wp-block-image size-large\"><img loading=\"lazy\" decoding=\"async\" width=\"768\" height=\"1024\" data-id=\"7388\" src=\"http:\/\/przedszkole4.slawno.pl\/wp-content\/uploads\/2024\/05\/IMG_4026-768x1024.jpeg\" alt=\"\" class=\"wp-image-7388\" srcset=\"http:\/\/przedszkole4.slawno.pl\/wp-content\/uploads\/2024\/05\/IMG_4026-768x1024.jpeg 768w, http:\/\/przedszkole4.slawno.pl\/wp-content\/uploads\/2024\/05\/IMG_4026-225x300.jpeg 225w, http:\/\/przedszkole4.slawno.pl\/wp-content\/uploads\/2024\/05\/IMG_4026-1152x1536.jpeg 1152w, http:\/\/przedszkole4.slawno.pl\/wp-content\/uploads\/2024\/05\/IMG_4026-1536x2048.jpeg 1536w, http:\/\/przedszkole4.slawno.pl\/wp-content\/uploads\/2024\/05\/IMG_4026-1200x1600.jpeg 1200w, http:\/\/przedszkole4.slawno.pl\/wp-content\/uploads\/2024\/05\/IMG_4026-scaled.jpeg 1920w\" sizes=\"auto, (max-width: 709px) 85vw, (max-width: 909px) 67vw, (max-width: 984px) 61vw, (max-width: 1362px) 45vw, 600px\" \/><\/figure>\n\n\n\n<figure class=\"wp-block-image size-large\"><img loading=\"lazy\" decoding=\"async\" width=\"768\" height=\"1024\" data-id=\"7389\" src=\"http:\/\/przedszkole4.slawno.pl\/wp-content\/uploads\/2024\/05\/IMG_4027-768x1024.jpeg\" alt=\"\" class=\"wp-image-7389\" srcset=\"http:\/\/przedszkole4.slawno.pl\/wp-content\/uploads\/2024\/05\/IMG_4027-768x1024.jpeg 768w, http:\/\/przedszkole4.slawno.pl\/wp-content\/uploads\/2024\/05\/IMG_4027-225x300.jpeg 225w, http:\/\/przedszkole4.slawno.pl\/wp-content\/uploads\/2024\/05\/IMG_4027-1152x1536.jpeg 1152w, http:\/\/przedszkole4.slawno.pl\/wp-content\/uploads\/2024\/05\/IMG_4027-1536x2048.jpeg 1536w, http:\/\/przedszkole4.slawno.pl\/wp-content\/uploads\/2024\/05\/IMG_4027-1200x1600.jpeg 1200w, http:\/\/przedszkole4.slawno.pl\/wp-content\/uploads\/2024\/05\/IMG_4027-scaled.jpeg 1920w\" sizes=\"auto, (max-width: 709px) 85vw, (max-width: 909px) 67vw, (max-width: 984px) 61vw, (max-width: 1362px) 45vw, 600px\" \/><\/figure>\n\n\n\n<figure class=\"wp-block-image size-large\"><img loading=\"lazy\" decoding=\"async\" width=\"768\" height=\"1024\" data-id=\"7392\" src=\"http:\/\/przedszkole4.slawno.pl\/wp-content\/uploads\/2024\/05\/IMG_4028-768x1024.jpeg\" alt=\"\" class=\"wp-image-7392\" srcset=\"http:\/\/przedszkole4.slawno.pl\/wp-content\/uploads\/2024\/05\/IMG_4028-768x1024.jpeg 768w, http:\/\/przedszkole4.slawno.pl\/wp-content\/uploads\/2024\/05\/IMG_4028-225x300.jpeg 225w, http:\/\/przedszkole4.slawno.pl\/wp-content\/uploads\/2024\/05\/IMG_4028-1152x1536.jpeg 1152w, http:\/\/przedszkole4.slawno.pl\/wp-content\/uploads\/2024\/05\/IMG_4028-1536x2048.jpeg 1536w, http:\/\/przedszkole4.slawno.pl\/wp-content\/uploads\/2024\/05\/IMG_4028-1200x1600.jpeg 1200w, http:\/\/przedszkole4.slawno.pl\/wp-content\/uploads\/2024\/05\/IMG_4028-scaled.jpeg 1920w\" sizes=\"auto, (max-width: 709px) 85vw, (max-width: 909px) 67vw, (max-width: 984px) 61vw, (max-width: 1362px) 45vw, 600px\" \/><\/figure>\n\n\n\n<figure class=\"wp-block-image size-large\"><img loading=\"lazy\" decoding=\"async\" width=\"768\" height=\"1024\" data-id=\"7393\" src=\"http:\/\/przedszkole4.slawno.pl\/wp-content\/uploads\/2024\/05\/IMG_4029-768x1024.jpeg\" alt=\"\" class=\"wp-image-7393\" srcset=\"http:\/\/przedszkole4.slawno.pl\/wp-content\/uploads\/2024\/05\/IMG_4029-768x1024.jpeg 768w, http:\/\/przedszkole4.slawno.pl\/wp-content\/uploads\/2024\/05\/IMG_4029-225x300.jpeg 225w, http:\/\/przedszkole4.slawno.pl\/wp-content\/uploads\/2024\/05\/IMG_4029-1152x1536.jpeg 1152w, http:\/\/przedszkole4.slawno.pl\/wp-content\/uploads\/2024\/05\/IMG_4029-1536x2048.jpeg 1536w, http:\/\/przedszkole4.slawno.pl\/wp-content\/uploads\/2024\/05\/IMG_4029-1200x1600.jpeg 1200w, http:\/\/przedszkole4.slawno.pl\/wp-content\/uploads\/2024\/05\/IMG_4029-scaled.jpeg 1920w\" sizes=\"auto, (max-width: 709px) 85vw, (max-width: 909px) 67vw, (max-width: 984px) 61vw, (max-width: 1362px) 45vw, 600px\" \/><\/figure>\n\n\n\n<figure class=\"wp-block-image size-large\"><img loading=\"lazy\" decoding=\"async\" width=\"768\" height=\"1024\" data-id=\"7395\" src=\"http:\/\/przedszkole4.slawno.pl\/wp-content\/uploads\/2024\/05\/IMG_4030-768x1024.jpeg\" alt=\"\" class=\"wp-image-7395\" srcset=\"http:\/\/przedszkole4.slawno.pl\/wp-content\/uploads\/2024\/05\/IMG_4030-768x1024.jpeg 768w, http:\/\/przedszkole4.slawno.pl\/wp-content\/uploads\/2024\/05\/IMG_4030-225x300.jpeg 225w, http:\/\/przedszkole4.slawno.pl\/wp-content\/uploads\/2024\/05\/IMG_4030-1152x1536.jpeg 1152w, http:\/\/przedszkole4.slawno.pl\/wp-content\/uploads\/2024\/05\/IMG_4030-1536x2048.jpeg 1536w, http:\/\/przedszkole4.slawno.pl\/wp-content\/uploads\/2024\/05\/IMG_4030-1200x1600.jpeg 1200w, http:\/\/przedszkole4.slawno.pl\/wp-content\/uploads\/2024\/05\/IMG_4030-scaled.jpeg 1920w\" sizes=\"auto, (max-width: 709px) 85vw, (max-width: 909px) 67vw, (max-width: 984px) 61vw, (max-width: 1362px) 45vw, 600px\" \/><\/figure>\n\n\n\n<figure class=\"wp-block-image size-large\"><img loading=\"lazy\" decoding=\"async\" width=\"768\" height=\"1024\" data-id=\"7394\" src=\"http:\/\/przedszkole4.slawno.pl\/wp-content\/uploads\/2024\/05\/IMG_4031-768x1024.jpeg\" alt=\"\" class=\"wp-image-7394\" srcset=\"http:\/\/przedszkole4.slawno.pl\/wp-content\/uploads\/2024\/05\/IMG_4031-768x1024.jpeg 768w, http:\/\/przedszkole4.slawno.pl\/wp-content\/uploads\/2024\/05\/IMG_4031-225x300.jpeg 225w, http:\/\/przedszkole4.slawno.pl\/wp-content\/uploads\/2024\/05\/IMG_4031-1152x1536.jpeg 1152w, http:\/\/przedszkole4.slawno.pl\/wp-content\/uploads\/2024\/05\/IMG_4031-1536x2048.jpeg 1536w, http:\/\/przedszkole4.slawno.pl\/wp-content\/uploads\/2024\/05\/IMG_4031-1200x1600.jpeg 1200w, http:\/\/przedszkole4.slawno.pl\/wp-content\/uploads\/2024\/05\/IMG_4031-scaled.jpeg 1920w\" sizes=\"auto, (max-width: 709px) 85vw, (max-width: 909px) 67vw, (max-width: 984px) 61vw, (max-width: 1362px) 45vw, 600px\" \/><\/figure>\n<\/figure>\n","protected":false},"excerpt":{"rendered":"","protected":false},"author":2,"featured_media":0,"comment_status":"closed","ping_status":"closed","sticky":false,"template":"","format":"standard","meta":{"footnotes":""},"categories":[24],"tags":[],"class_list":["post-7380","post","type-post","status-publish","format-standard","hentry","category-echosr"],"yoast_head":"<!-- This site is optimized with the Yoast SEO plugin v27.5 - https:\/\/yoast.com\/product\/yoast-seo-wordpress\/ -->\n<title>SPEKTAKL MUZYCZNY \u201eALICJA W KRAINIE CZAR\u00d3W\u201d - Przedszkole nr 4 im. Krasnala Ha\u0142aba\u0142y, \u017b\u0142obek Miejski w S\u0142awnie<\/title>\n<meta name=\"robots\" content=\"index, follow, max-snippet:-1, max-image-preview:large, max-video-preview:-1\" \/>\n<link rel=\"canonical\" href=\"https:\/\/przedszkole4.slawno.pl\/?p=7380\" \/>\n<meta name=\"twitter:card\" content=\"summary_large_image\" \/>\n<meta name=\"twitter:title\" content=\"SPEKTAKL MUZYCZNY \u201eALICJA W KRAINIE CZAR\u00d3W\u201d - Przedszkole nr 4 im. Krasnala Ha\u0142aba\u0142y, \u017b\u0142obek Miejski w S\u0142awnie\" \/>\n<meta name=\"twitter:image\" content=\"http:\/\/przedszkole4.slawno.pl\/wp-content\/uploads\/2024\/05\/IMG_4018-scaled.jpeg\" \/>\n<meta name=\"twitter:label1\" content=\"Napisane przez\" \/>\n\t<meta name=\"twitter:data1\" content=\"Ewelina Walczak\" \/>\n<script type=\"application\/ld+json\" class=\"yoast-schema-graph\">{\"@context\":\"https:\\\/\\\/schema.org\",\"@graph\":[{\"@type\":\"Article\",\"@id\":\"https:\\\/\\\/przedszkole4.slawno.pl\\\/?p=7380#article\",\"isPartOf\":{\"@id\":\"https:\\\/\\\/przedszkole4.slawno.pl\\\/?p=7380\"},\"author\":{\"name\":\"Ewelina Walczak\",\"@id\":\"http:\\\/\\\/przedszkole4.slawno.pl\\\/#\\\/schema\\\/person\\\/6f5dec603a8ee0ba1237e4844367c5a0\"},\"headline\":\"SPEKTAKL MUZYCZNY \u201eALICJA W KRAINIE CZAR\u00d3W\u201d\",\"datePublished\":\"2024-05-22T07:54:15+00:00\",\"dateModified\":\"2024-05-22T07:54:17+00:00\",\"mainEntityOfPage\":{\"@id\":\"https:\\\/\\\/przedszkole4.slawno.pl\\\/?p=7380\"},\"wordCount\":7,\"image\":{\"@id\":\"https:\\\/\\\/przedszkole4.slawno.pl\\\/?p=7380#primaryimage\"},\"thumbnailUrl\":\"http:\\\/\\\/przedszkole4.slawno.pl\\\/wp-content\\\/uploads\\\/2024\\\/05\\\/IMG_4018-768x1024.jpeg\",\"articleSection\":[\"Echo grupy - \u015aredniaki\"],\"inLanguage\":\"pl-PL\"},{\"@type\":\"WebPage\",\"@id\":\"https:\\\/\\\/przedszkole4.slawno.pl\\\/?p=7380\",\"url\":\"https:\\\/\\\/przedszkole4.slawno.pl\\\/?p=7380\",\"name\":\"SPEKTAKL MUZYCZNY \u201eALICJA W KRAINIE CZAR\u00d3W\u201d - Przedszkole nr 4 im. Krasnala Ha\u0142aba\u0142y, \u017b\u0142obek Miejski w S\u0142awnie\",\"isPartOf\":{\"@id\":\"http:\\\/\\\/przedszkole4.slawno.pl\\\/#website\"},\"primaryImageOfPage\":{\"@id\":\"https:\\\/\\\/przedszkole4.slawno.pl\\\/?p=7380#primaryimage\"},\"image\":{\"@id\":\"https:\\\/\\\/przedszkole4.slawno.pl\\\/?p=7380#primaryimage\"},\"thumbnailUrl\":\"http:\\\/\\\/przedszkole4.slawno.pl\\\/wp-content\\\/uploads\\\/2024\\\/05\\\/IMG_4018-768x1024.jpeg\",\"datePublished\":\"2024-05-22T07:54:15+00:00\",\"dateModified\":\"2024-05-22T07:54:17+00:00\",\"author\":{\"@id\":\"http:\\\/\\\/przedszkole4.slawno.pl\\\/#\\\/schema\\\/person\\\/6f5dec603a8ee0ba1237e4844367c5a0\"},\"breadcrumb\":{\"@id\":\"https:\\\/\\\/przedszkole4.slawno.pl\\\/?p=7380#breadcrumb\"},\"inLanguage\":\"pl-PL\",\"potentialAction\":[{\"@type\":\"ReadAction\",\"target\":[\"https:\\\/\\\/przedszkole4.slawno.pl\\\/?p=7380\"]}]},{\"@type\":\"ImageObject\",\"inLanguage\":\"pl-PL\",\"@id\":\"https:\\\/\\\/przedszkole4.slawno.pl\\\/?p=7380#primaryimage\",\"url\":\"http:\\\/\\\/przedszkole4.slawno.pl\\\/wp-content\\\/uploads\\\/2024\\\/05\\\/IMG_4018-scaled.jpeg\",\"contentUrl\":\"http:\\\/\\\/przedszkole4.slawno.pl\\\/wp-content\\\/uploads\\\/2024\\\/05\\\/IMG_4018-scaled.jpeg\",\"width\":1920,\"height\":2560},{\"@type\":\"BreadcrumbList\",\"@id\":\"https:\\\/\\\/przedszkole4.slawno.pl\\\/?p=7380#breadcrumb\",\"itemListElement\":[{\"@type\":\"ListItem\",\"position\":1,\"name\":\"Strona g\u0142\u00f3wna\",\"item\":\"http:\\\/\\\/przedszkole4.slawno.pl\\\/\"},{\"@type\":\"ListItem\",\"position\":2,\"name\":\"SPEKTAKL MUZYCZNY \u201eALICJA W KRAINIE CZAR\u00d3W\u201d\"}]},{\"@type\":\"WebSite\",\"@id\":\"http:\\\/\\\/przedszkole4.slawno.pl\\\/#website\",\"url\":\"http:\\\/\\\/przedszkole4.slawno.pl\\\/\",\"name\":\"Przedszkole nr 4 im. Krasnala Ha\u0142aba\u0142y, \u017b\u0142obek Miejski w S\u0142awnie\",\"description\":\"Krasnal Ha\u0142aba\u0142a\",\"potentialAction\":[{\"@type\":\"SearchAction\",\"target\":{\"@type\":\"EntryPoint\",\"urlTemplate\":\"http:\\\/\\\/przedszkole4.slawno.pl\\\/?s={search_term_string}\"},\"query-input\":{\"@type\":\"PropertyValueSpecification\",\"valueRequired\":true,\"valueName\":\"search_term_string\"}}],\"inLanguage\":\"pl-PL\"},{\"@type\":\"Person\",\"@id\":\"http:\\\/\\\/przedszkole4.slawno.pl\\\/#\\\/schema\\\/person\\\/6f5dec603a8ee0ba1237e4844367c5a0\",\"name\":\"Ewelina Walczak\",\"url\":\"http:\\\/\\\/przedszkole4.slawno.pl\\\/?author=2\"}]}<\/script>\n<!-- \/ Yoast SEO plugin. -->","yoast_head_json":{"title":"SPEKTAKL MUZYCZNY \u201eALICJA W KRAINIE CZAR\u00d3W\u201d - Przedszkole nr 4 im. Krasnala Ha\u0142aba\u0142y, \u017b\u0142obek Miejski w S\u0142awnie","robots":{"index":"index","follow":"follow","max-snippet":"max-snippet:-1","max-image-preview":"max-image-preview:large","max-video-preview":"max-video-preview:-1"},"canonical":"https:\/\/przedszkole4.slawno.pl\/?p=7380","twitter_card":"summary_large_image","twitter_title":"SPEKTAKL MUZYCZNY \u201eALICJA W KRAINIE CZAR\u00d3W\u201d - Przedszkole nr 4 im. Krasnala Ha\u0142aba\u0142y, \u017b\u0142obek Miejski w S\u0142awnie","twitter_image":"http:\/\/przedszkole4.slawno.pl\/wp-content\/uploads\/2024\/05\/IMG_4018-scaled.jpeg","twitter_misc":{"Napisane przez":"Ewelina Walczak"},"schema":{"@context":"https:\/\/schema.org","@graph":[{"@type":"Article","@id":"https:\/\/przedszkole4.slawno.pl\/?p=7380#article","isPartOf":{"@id":"https:\/\/przedszkole4.slawno.pl\/?p=7380"},"author":{"name":"Ewelina Walczak","@id":"http:\/\/przedszkole4.slawno.pl\/#\/schema\/person\/6f5dec603a8ee0ba1237e4844367c5a0"},"headline":"SPEKTAKL MUZYCZNY \u201eALICJA W KRAINIE CZAR\u00d3W\u201d","datePublished":"2024-05-22T07:54:15+00:00","dateModified":"2024-05-22T07:54:17+00:00","mainEntityOfPage":{"@id":"https:\/\/przedszkole4.slawno.pl\/?p=7380"},"wordCount":7,"image":{"@id":"https:\/\/przedszkole4.slawno.pl\/?p=7380#primaryimage"},"thumbnailUrl":"http:\/\/przedszkole4.slawno.pl\/wp-content\/uploads\/2024\/05\/IMG_4018-768x1024.jpeg","articleSection":["Echo grupy - \u015aredniaki"],"inLanguage":"pl-PL"},{"@type":"WebPage","@id":"https:\/\/przedszkole4.slawno.pl\/?p=7380","url":"https:\/\/przedszkole4.slawno.pl\/?p=7380","name":"SPEKTAKL MUZYCZNY \u201eALICJA W KRAINIE CZAR\u00d3W\u201d - Przedszkole nr 4 im. Krasnala Ha\u0142aba\u0142y, \u017b\u0142obek Miejski w S\u0142awnie","isPartOf":{"@id":"http:\/\/przedszkole4.slawno.pl\/#website"},"primaryImageOfPage":{"@id":"https:\/\/przedszkole4.slawno.pl\/?p=7380#primaryimage"},"image":{"@id":"https:\/\/przedszkole4.slawno.pl\/?p=7380#primaryimage"},"thumbnailUrl":"http:\/\/przedszkole4.slawno.pl\/wp-content\/uploads\/2024\/05\/IMG_4018-768x1024.jpeg","datePublished":"2024-05-22T07:54:15+00:00","dateModified":"2024-05-22T07:54:17+00:00","author":{"@id":"http:\/\/przedszkole4.slawno.pl\/#\/schema\/person\/6f5dec603a8ee0ba1237e4844367c5a0"},"breadcrumb":{"@id":"https:\/\/przedszkole4.slawno.pl\/?p=7380#breadcrumb"},"inLanguage":"pl-PL","potentialAction":[{"@type":"ReadAction","target":["https:\/\/przedszkole4.slawno.pl\/?p=7380"]}]},{"@type":"ImageObject","inLanguage":"pl-PL","@id":"https:\/\/przedszkole4.slawno.pl\/?p=7380#primaryimage","url":"http:\/\/przedszkole4.slawno.pl\/wp-content\/uploads\/2024\/05\/IMG_4018-scaled.jpeg","contentUrl":"http:\/\/przedszkole4.slawno.pl\/wp-content\/uploads\/2024\/05\/IMG_4018-scaled.jpeg","width":1920,"height":2560},{"@type":"BreadcrumbList","@id":"https:\/\/przedszkole4.slawno.pl\/?p=7380#breadcrumb","itemListElement":[{"@type":"ListItem","position":1,"name":"Strona g\u0142\u00f3wna","item":"http:\/\/przedszkole4.slawno.pl\/"},{"@type":"ListItem","position":2,"name":"SPEKTAKL MUZYCZNY \u201eALICJA W KRAINIE CZAR\u00d3W\u201d"}]},{"@type":"WebSite","@id":"http:\/\/przedszkole4.slawno.pl\/#website","url":"http:\/\/przedszkole4.slawno.pl\/","name":"Przedszkole nr 4 im. Krasnala Ha\u0142aba\u0142y, \u017b\u0142obek Miejski w S\u0142awnie","description":"Krasnal Ha\u0142aba\u0142a","potentialAction":[{"@type":"SearchAction","target":{"@type":"EntryPoint","urlTemplate":"http:\/\/przedszkole4.slawno.pl\/?s={search_term_string}"},"query-input":{"@type":"PropertyValueSpecification","valueRequired":true,"valueName":"search_term_string"}}],"inLanguage":"pl-PL"},{"@type":"Person","@id":"http:\/\/przedszkole4.slawno.pl\/#\/schema\/person\/6f5dec603a8ee0ba1237e4844367c5a0","name":"Ewelina Walczak","url":"http:\/\/przedszkole4.slawno.pl\/?author=2"}]}},"_links":{"self":[{"href":"http:\/\/przedszkole4.slawno.pl\/index.php?rest_route=\/wp\/v2\/posts\/7380","targetHints":{"allow":["GET"]}}],"collection":[{"href":"http:\/\/przedszkole4.slawno.pl\/index.php?rest_route=\/wp\/v2\/posts"}],"about":[{"href":"http:\/\/przedszkole4.slawno.pl\/index.php?rest_route=\/wp\/v2\/types\/post"}],"author":[{"embeddable":true,"href":"http:\/\/przedszkole4.slawno.pl\/index.php?rest_route=\/wp\/v2\/users\/2"}],"replies":[{"embeddable":true,"href":"http:\/\/przedszkole4.slawno.pl\/index.php?rest_route=%2Fwp%2Fv2%2Fcomments&post=7380"}],"version-history":[{"count":1,"href":"http:\/\/przedszkole4.slawno.pl\/index.php?rest_route=\/wp\/v2\/posts\/7380\/revisions"}],"predecessor-version":[{"id":7396,"href":"http:\/\/przedszkole4.slawno.pl\/index.php?rest_route=\/wp\/v2\/posts\/7380\/revisions\/7396"}],"wp:attachment":[{"href":"http:\/\/przedszkole4.slawno.pl\/index.php?rest_route=%2Fwp%2Fv2%2Fmedia&parent=7380"}],"wp:term":[{"taxonomy":"category","embeddable":true,"href":"http:\/\/przedszkole4.slawno.pl\/index.php?rest_route=%2Fwp%2Fv2%2Fcategories&post=7380"},{"taxonomy":"post_tag","embeddable":true,"href":"http:\/\/przedszkole4.slawno.pl\/index.php?rest_route=%2Fwp%2Fv2%2Ftags&post=7380"}],"curies":[{"name":"wp","href":"https:\/\/api.w.org\/{rel}","templated":true}]}}