{"id":7465,"date":"2024-06-04T13:47:22","date_gmt":"2024-06-04T11:47:22","guid":{"rendered":"http:\/\/przedszkole4.slawno.pl\/?p=7465"},"modified":"2024-06-04T13:47:23","modified_gmt":"2024-06-04T11:47:23","slug":"goscie-w-zielonym-krolestwie-krasnala-halabaly-plener-malarski","status":"publish","type":"post","link":"http:\/\/przedszkole4.slawno.pl\/?p=7465","title":{"rendered":"Go\u015bcie w Zielonym Kr\u00f3lestwie Krasnala Ha\u0142aba\u0142y &#8211; plener malarski."},"content":{"rendered":"\n<p>W dniu 4.06.2024 dzieci z klasy III &#8222;a&#8221; ze Szko\u0142y Podstawowej nr 2 w S\u0142awnie zwiedzi\u0142y nasz ogr\u00f3d- <strong>Zielone Kr\u00f3lestwo Krasnala Ha\u0142aba\u0142y<\/strong> i bawi\u0142y si\u0119 w nim wsp\u00f3lnie ze \u015aredniakami.<\/p>\n\n\n\n<p><\/p>\n\n\n\n<figure class=\"wp-block-image size-large\"><img loading=\"lazy\" decoding=\"async\" width=\"1024\" height=\"768\" src=\"http:\/\/przedszkole4.slawno.pl\/wp-content\/uploads\/2024\/06\/66666666666-1024x768.jpg\" alt=\"Dzieci bawi\u0105 si\u0119 w Zielonym Kr\u00f3lestwie Krasnala Ha\u0142aba\u0142y\" class=\"wp-image-7471\" srcset=\"http:\/\/przedszkole4.slawno.pl\/wp-content\/uploads\/2024\/06\/66666666666-1024x768.jpg 1024w, http:\/\/przedszkole4.slawno.pl\/wp-content\/uploads\/2024\/06\/66666666666-300x225.jpg 300w, http:\/\/przedszkole4.slawno.pl\/wp-content\/uploads\/2024\/06\/66666666666-768x576.jpg 768w, http:\/\/przedszkole4.slawno.pl\/wp-content\/uploads\/2024\/06\/66666666666-1536x1152.jpg 1536w, http:\/\/przedszkole4.slawno.pl\/wp-content\/uploads\/2024\/06\/66666666666-1200x900.jpg 1200w, http:\/\/przedszkole4.slawno.pl\/wp-content\/uploads\/2024\/06\/66666666666.jpg 1728w\" sizes=\"auto, (max-width: 709px) 85vw, (max-width: 909px) 67vw, (max-width: 1362px) 62vw, 840px\" \/><figcaption class=\"wp-element-caption\">Fot. 1<\/figcaption><\/figure>\n\n\n\n<figure class=\"wp-block-image size-large\"><img loading=\"lazy\" decoding=\"async\" width=\"1024\" height=\"768\" src=\"http:\/\/przedszkole4.slawno.pl\/wp-content\/uploads\/2024\/06\/111111-1024x768.jpg\" alt=\"Dzieci rysuj\u0105 na kartkach\" class=\"wp-image-7467\" srcset=\"http:\/\/przedszkole4.slawno.pl\/wp-content\/uploads\/2024\/06\/111111-1024x768.jpg 1024w, http:\/\/przedszkole4.slawno.pl\/wp-content\/uploads\/2024\/06\/111111-300x225.jpg 300w, http:\/\/przedszkole4.slawno.pl\/wp-content\/uploads\/2024\/06\/111111-768x576.jpg 768w, http:\/\/przedszkole4.slawno.pl\/wp-content\/uploads\/2024\/06\/111111-1536x1152.jpg 1536w, http:\/\/przedszkole4.slawno.pl\/wp-content\/uploads\/2024\/06\/111111-1200x900.jpg 1200w, http:\/\/przedszkole4.slawno.pl\/wp-content\/uploads\/2024\/06\/111111.jpg 2048w\" sizes=\"auto, (max-width: 709px) 85vw, (max-width: 909px) 67vw, (max-width: 1362px) 62vw, 840px\" \/><figcaption class=\"wp-element-caption\">Fot. 2<\/figcaption><\/figure>\n\n\n\n<figure class=\"wp-block-image size-large\"><img loading=\"lazy\" decoding=\"async\" width=\"1024\" height=\"768\" src=\"http:\/\/przedszkole4.slawno.pl\/wp-content\/uploads\/2024\/06\/22222222222222-1024x768.jpg\" alt=\"Dzieci maluj\u0105 mazakami na szarym papierze\" class=\"wp-image-7468\" srcset=\"http:\/\/przedszkole4.slawno.pl\/wp-content\/uploads\/2024\/06\/22222222222222-1024x768.jpg 1024w, http:\/\/przedszkole4.slawno.pl\/wp-content\/uploads\/2024\/06\/22222222222222-300x225.jpg 300w, http:\/\/przedszkole4.slawno.pl\/wp-content\/uploads\/2024\/06\/22222222222222-768x576.jpg 768w, http:\/\/przedszkole4.slawno.pl\/wp-content\/uploads\/2024\/06\/22222222222222-1536x1152.jpg 1536w, http:\/\/przedszkole4.slawno.pl\/wp-content\/uploads\/2024\/06\/22222222222222-1200x900.jpg 1200w, http:\/\/przedszkole4.slawno.pl\/wp-content\/uploads\/2024\/06\/22222222222222.jpg 2048w\" sizes=\"auto, (max-width: 709px) 85vw, (max-width: 909px) 67vw, (max-width: 1362px) 62vw, 840px\" \/><figcaption class=\"wp-element-caption\">Fot. 3<\/figcaption><\/figure>\n\n\n\n<figure class=\"wp-block-image size-large\"><img loading=\"lazy\" decoding=\"async\" width=\"1024\" height=\"768\" src=\"http:\/\/przedszkole4.slawno.pl\/wp-content\/uploads\/2024\/06\/3333333333333-1024x768.jpg\" alt=\"Dzieci maluj\u0105 mazakami na szarym papierze\" class=\"wp-image-7469\" srcset=\"http:\/\/przedszkole4.slawno.pl\/wp-content\/uploads\/2024\/06\/3333333333333-1024x768.jpg 1024w, http:\/\/przedszkole4.slawno.pl\/wp-content\/uploads\/2024\/06\/3333333333333-300x225.jpg 300w, http:\/\/przedszkole4.slawno.pl\/wp-content\/uploads\/2024\/06\/3333333333333-768x576.jpg 768w, http:\/\/przedszkole4.slawno.pl\/wp-content\/uploads\/2024\/06\/3333333333333-1536x1152.jpg 1536w, http:\/\/przedszkole4.slawno.pl\/wp-content\/uploads\/2024\/06\/3333333333333-1200x900.jpg 1200w, http:\/\/przedszkole4.slawno.pl\/wp-content\/uploads\/2024\/06\/3333333333333.jpg 2048w\" sizes=\"auto, (max-width: 709px) 85vw, (max-width: 909px) 67vw, (max-width: 1362px) 62vw, 840px\" \/><figcaption class=\"wp-element-caption\">Fot. 4<\/figcaption><\/figure>\n\n\n\n<figure class=\"wp-block-image size-large\"><img loading=\"lazy\" decoding=\"async\" width=\"1024\" height=\"768\" src=\"http:\/\/przedszkole4.slawno.pl\/wp-content\/uploads\/2024\/06\/Bez-nazwy-1024x768.jpg\" alt=\"S\u0142odki pocz\u0119stunek dla go\u015bci\" class=\"wp-image-7470\" srcset=\"http:\/\/przedszkole4.slawno.pl\/wp-content\/uploads\/2024\/06\/Bez-nazwy-1024x768.jpg 1024w, http:\/\/przedszkole4.slawno.pl\/wp-content\/uploads\/2024\/06\/Bez-nazwy-300x225.jpg 300w, http:\/\/przedszkole4.slawno.pl\/wp-content\/uploads\/2024\/06\/Bez-nazwy-768x576.jpg 768w, http:\/\/przedszkole4.slawno.pl\/wp-content\/uploads\/2024\/06\/Bez-nazwy-1536x1152.jpg 1536w, http:\/\/przedszkole4.slawno.pl\/wp-content\/uploads\/2024\/06\/Bez-nazwy-1200x900.jpg 1200w, http:\/\/przedszkole4.slawno.pl\/wp-content\/uploads\/2024\/06\/Bez-nazwy.jpg 2048w\" sizes=\"auto, (max-width: 709px) 85vw, (max-width: 909px) 67vw, (max-width: 1362px) 62vw, 840px\" \/><figcaption class=\"wp-element-caption\">Fot. 5<\/figcaption><\/figure>\n","protected":false},"excerpt":{"rendered":"<p>W dniu 4.06.2024 dzieci z klasy III &#8222;a&#8221; ze Szko\u0142y Podstawowej nr 2 w S\u0142awnie zwiedzi\u0142y nasz ogr\u00f3d- Zielone Kr\u00f3lestwo Krasnala Ha\u0142aba\u0142y i bawi\u0142y si\u0119 w nim wsp\u00f3lnie ze \u015aredniakami.<\/p>\n","protected":false},"author":4,"featured_media":0,"comment_status":"closed","ping_status":"closed","sticky":false,"template":"","format":"standard","meta":{"footnotes":""},"categories":[24],"tags":[],"class_list":["post-7465","post","type-post","status-publish","format-standard","hentry","category-echosr"],"yoast_head":"<!-- This site is optimized with the Yoast SEO plugin v27.5 - https:\/\/yoast.com\/product\/yoast-seo-wordpress\/ -->\n<title>Go\u015bcie w Zielonym Kr\u00f3lestwie Krasnala Ha\u0142aba\u0142y - plener malarski. - Przedszkole nr 4 im. Krasnala Ha\u0142aba\u0142y, \u017b\u0142obek Miejski w S\u0142awnie<\/title>\n<meta name=\"robots\" content=\"index, follow, max-snippet:-1, max-image-preview:large, max-video-preview:-1\" \/>\n<link rel=\"canonical\" href=\"https:\/\/przedszkole4.slawno.pl\/?p=7465\" \/>\n<meta name=\"twitter:card\" content=\"summary_large_image\" \/>\n<meta name=\"twitter:title\" content=\"Go\u015bcie w Zielonym Kr\u00f3lestwie Krasnala Ha\u0142aba\u0142y - plener malarski. - Przedszkole nr 4 im. Krasnala Ha\u0142aba\u0142y, \u017b\u0142obek Miejski w S\u0142awnie\" \/>\n<meta name=\"twitter:description\" content=\"W dniu 4.06.2024 dzieci z klasy III &#8222;a&#8221; ze Szko\u0142y Podstawowej nr 2 w S\u0142awnie zwiedzi\u0142y nasz ogr\u00f3d- Zielone Kr\u00f3lestwo Krasnala Ha\u0142aba\u0142y i bawi\u0142y si\u0119 w nim wsp\u00f3lnie ze \u015aredniakami.\" \/>\n<meta name=\"twitter:image\" content=\"http:\/\/przedszkole4.slawno.pl\/wp-content\/uploads\/2024\/06\/66666666666.jpg\" \/>\n<meta name=\"twitter:label1\" content=\"Napisane przez\" \/>\n\t<meta name=\"twitter:data1\" content=\"Sylwia Ko\u015bka\" \/>\n<script type=\"application\/ld+json\" class=\"yoast-schema-graph\">{\"@context\":\"https:\\\/\\\/schema.org\",\"@graph\":[{\"@type\":\"Article\",\"@id\":\"https:\\\/\\\/przedszkole4.slawno.pl\\\/?p=7465#article\",\"isPartOf\":{\"@id\":\"https:\\\/\\\/przedszkole4.slawno.pl\\\/?p=7465\"},\"author\":{\"name\":\"Sylwia Ko\u015bka\",\"@id\":\"http:\\\/\\\/przedszkole4.slawno.pl\\\/#\\\/schema\\\/person\\\/3f1f73f8b8e61cb56b468b61f85adc11\"},\"headline\":\"Go\u015bcie w Zielonym Kr\u00f3lestwie Krasnala Ha\u0142aba\u0142y &#8211; plener malarski.\",\"datePublished\":\"2024-06-04T11:47:22+00:00\",\"dateModified\":\"2024-06-04T11:47:23+00:00\",\"mainEntityOfPage\":{\"@id\":\"https:\\\/\\\/przedszkole4.slawno.pl\\\/?p=7465\"},\"wordCount\":55,\"image\":{\"@id\":\"https:\\\/\\\/przedszkole4.slawno.pl\\\/?p=7465#primaryimage\"},\"thumbnailUrl\":\"http:\\\/\\\/przedszkole4.slawno.pl\\\/wp-content\\\/uploads\\\/2024\\\/06\\\/66666666666-1024x768.jpg\",\"articleSection\":[\"Echo grupy - \u015aredniaki\"],\"inLanguage\":\"pl-PL\"},{\"@type\":\"WebPage\",\"@id\":\"https:\\\/\\\/przedszkole4.slawno.pl\\\/?p=7465\",\"url\":\"https:\\\/\\\/przedszkole4.slawno.pl\\\/?p=7465\",\"name\":\"Go\u015bcie w Zielonym Kr\u00f3lestwie Krasnala Ha\u0142aba\u0142y - plener malarski. - Przedszkole nr 4 im. Krasnala Ha\u0142aba\u0142y, \u017b\u0142obek Miejski w S\u0142awnie\",\"isPartOf\":{\"@id\":\"http:\\\/\\\/przedszkole4.slawno.pl\\\/#website\"},\"primaryImageOfPage\":{\"@id\":\"https:\\\/\\\/przedszkole4.slawno.pl\\\/?p=7465#primaryimage\"},\"image\":{\"@id\":\"https:\\\/\\\/przedszkole4.slawno.pl\\\/?p=7465#primaryimage\"},\"thumbnailUrl\":\"http:\\\/\\\/przedszkole4.slawno.pl\\\/wp-content\\\/uploads\\\/2024\\\/06\\\/66666666666-1024x768.jpg\",\"datePublished\":\"2024-06-04T11:47:22+00:00\",\"dateModified\":\"2024-06-04T11:47:23+00:00\",\"author\":{\"@id\":\"http:\\\/\\\/przedszkole4.slawno.pl\\\/#\\\/schema\\\/person\\\/3f1f73f8b8e61cb56b468b61f85adc11\"},\"breadcrumb\":{\"@id\":\"https:\\\/\\\/przedszkole4.slawno.pl\\\/?p=7465#breadcrumb\"},\"inLanguage\":\"pl-PL\",\"potentialAction\":[{\"@type\":\"ReadAction\",\"target\":[\"https:\\\/\\\/przedszkole4.slawno.pl\\\/?p=7465\"]}]},{\"@type\":\"ImageObject\",\"inLanguage\":\"pl-PL\",\"@id\":\"https:\\\/\\\/przedszkole4.slawno.pl\\\/?p=7465#primaryimage\",\"url\":\"http:\\\/\\\/przedszkole4.slawno.pl\\\/wp-content\\\/uploads\\\/2024\\\/06\\\/66666666666.jpg\",\"contentUrl\":\"http:\\\/\\\/przedszkole4.slawno.pl\\\/wp-content\\\/uploads\\\/2024\\\/06\\\/66666666666.jpg\",\"width\":1728,\"height\":1296},{\"@type\":\"BreadcrumbList\",\"@id\":\"https:\\\/\\\/przedszkole4.slawno.pl\\\/?p=7465#breadcrumb\",\"itemListElement\":[{\"@type\":\"ListItem\",\"position\":1,\"name\":\"Strona g\u0142\u00f3wna\",\"item\":\"http:\\\/\\\/przedszkole4.slawno.pl\\\/\"},{\"@type\":\"ListItem\",\"position\":2,\"name\":\"Go\u015bcie w Zielonym Kr\u00f3lestwie Krasnala Ha\u0142aba\u0142y &#8211; plener malarski.\"}]},{\"@type\":\"WebSite\",\"@id\":\"http:\\\/\\\/przedszkole4.slawno.pl\\\/#website\",\"url\":\"http:\\\/\\\/przedszkole4.slawno.pl\\\/\",\"name\":\"Przedszkole nr 4 im. Krasnala Ha\u0142aba\u0142y, \u017b\u0142obek Miejski w S\u0142awnie\",\"description\":\"Krasnal Ha\u0142aba\u0142a\",\"potentialAction\":[{\"@type\":\"SearchAction\",\"target\":{\"@type\":\"EntryPoint\",\"urlTemplate\":\"http:\\\/\\\/przedszkole4.slawno.pl\\\/?s={search_term_string}\"},\"query-input\":{\"@type\":\"PropertyValueSpecification\",\"valueRequired\":true,\"valueName\":\"search_term_string\"}}],\"inLanguage\":\"pl-PL\"},{\"@type\":\"Person\",\"@id\":\"http:\\\/\\\/przedszkole4.slawno.pl\\\/#\\\/schema\\\/person\\\/3f1f73f8b8e61cb56b468b61f85adc11\",\"name\":\"Sylwia Ko\u015bka\",\"sameAs\":[\"http:\\\/\\\/przedszkole4.slawno.pl\"],\"url\":\"http:\\\/\\\/przedszkole4.slawno.pl\\\/?author=4\"}]}<\/script>\n<!-- \/ Yoast SEO plugin. -->","yoast_head_json":{"title":"Go\u015bcie w Zielonym Kr\u00f3lestwie Krasnala Ha\u0142aba\u0142y - plener malarski. - Przedszkole nr 4 im. Krasnala Ha\u0142aba\u0142y, \u017b\u0142obek Miejski w S\u0142awnie","robots":{"index":"index","follow":"follow","max-snippet":"max-snippet:-1","max-image-preview":"max-image-preview:large","max-video-preview":"max-video-preview:-1"},"canonical":"https:\/\/przedszkole4.slawno.pl\/?p=7465","twitter_card":"summary_large_image","twitter_title":"Go\u015bcie w Zielonym Kr\u00f3lestwie Krasnala Ha\u0142aba\u0142y - plener malarski. - Przedszkole nr 4 im. Krasnala Ha\u0142aba\u0142y, \u017b\u0142obek Miejski w S\u0142awnie","twitter_description":"W dniu 4.06.2024 dzieci z klasy III &#8222;a&#8221; ze Szko\u0142y Podstawowej nr 2 w S\u0142awnie zwiedzi\u0142y nasz ogr\u00f3d- Zielone Kr\u00f3lestwo Krasnala Ha\u0142aba\u0142y i bawi\u0142y si\u0119 w nim wsp\u00f3lnie ze \u015aredniakami.","twitter_image":"http:\/\/przedszkole4.slawno.pl\/wp-content\/uploads\/2024\/06\/66666666666.jpg","twitter_misc":{"Napisane przez":"Sylwia Ko\u015bka"},"schema":{"@context":"https:\/\/schema.org","@graph":[{"@type":"Article","@id":"https:\/\/przedszkole4.slawno.pl\/?p=7465#article","isPartOf":{"@id":"https:\/\/przedszkole4.slawno.pl\/?p=7465"},"author":{"name":"Sylwia Ko\u015bka","@id":"http:\/\/przedszkole4.slawno.pl\/#\/schema\/person\/3f1f73f8b8e61cb56b468b61f85adc11"},"headline":"Go\u015bcie w Zielonym Kr\u00f3lestwie Krasnala Ha\u0142aba\u0142y &#8211; plener malarski.","datePublished":"2024-06-04T11:47:22+00:00","dateModified":"2024-06-04T11:47:23+00:00","mainEntityOfPage":{"@id":"https:\/\/przedszkole4.slawno.pl\/?p=7465"},"wordCount":55,"image":{"@id":"https:\/\/przedszkole4.slawno.pl\/?p=7465#primaryimage"},"thumbnailUrl":"http:\/\/przedszkole4.slawno.pl\/wp-content\/uploads\/2024\/06\/66666666666-1024x768.jpg","articleSection":["Echo grupy - \u015aredniaki"],"inLanguage":"pl-PL"},{"@type":"WebPage","@id":"https:\/\/przedszkole4.slawno.pl\/?p=7465","url":"https:\/\/przedszkole4.slawno.pl\/?p=7465","name":"Go\u015bcie w Zielonym Kr\u00f3lestwie Krasnala Ha\u0142aba\u0142y - plener malarski. - Przedszkole nr 4 im. Krasnala Ha\u0142aba\u0142y, \u017b\u0142obek Miejski w S\u0142awnie","isPartOf":{"@id":"http:\/\/przedszkole4.slawno.pl\/#website"},"primaryImageOfPage":{"@id":"https:\/\/przedszkole4.slawno.pl\/?p=7465#primaryimage"},"image":{"@id":"https:\/\/przedszkole4.slawno.pl\/?p=7465#primaryimage"},"thumbnailUrl":"http:\/\/przedszkole4.slawno.pl\/wp-content\/uploads\/2024\/06\/66666666666-1024x768.jpg","datePublished":"2024-06-04T11:47:22+00:00","dateModified":"2024-06-04T11:47:23+00:00","author":{"@id":"http:\/\/przedszkole4.slawno.pl\/#\/schema\/person\/3f1f73f8b8e61cb56b468b61f85adc11"},"breadcrumb":{"@id":"https:\/\/przedszkole4.slawno.pl\/?p=7465#breadcrumb"},"inLanguage":"pl-PL","potentialAction":[{"@type":"ReadAction","target":["https:\/\/przedszkole4.slawno.pl\/?p=7465"]}]},{"@type":"ImageObject","inLanguage":"pl-PL","@id":"https:\/\/przedszkole4.slawno.pl\/?p=7465#primaryimage","url":"http:\/\/przedszkole4.slawno.pl\/wp-content\/uploads\/2024\/06\/66666666666.jpg","contentUrl":"http:\/\/przedszkole4.slawno.pl\/wp-content\/uploads\/2024\/06\/66666666666.jpg","width":1728,"height":1296},{"@type":"BreadcrumbList","@id":"https:\/\/przedszkole4.slawno.pl\/?p=7465#breadcrumb","itemListElement":[{"@type":"ListItem","position":1,"name":"Strona g\u0142\u00f3wna","item":"http:\/\/przedszkole4.slawno.pl\/"},{"@type":"ListItem","position":2,"name":"Go\u015bcie w Zielonym Kr\u00f3lestwie Krasnala Ha\u0142aba\u0142y &#8211; plener malarski."}]},{"@type":"WebSite","@id":"http:\/\/przedszkole4.slawno.pl\/#website","url":"http:\/\/przedszkole4.slawno.pl\/","name":"Przedszkole nr 4 im. Krasnala Ha\u0142aba\u0142y, \u017b\u0142obek Miejski w S\u0142awnie","description":"Krasnal Ha\u0142aba\u0142a","potentialAction":[{"@type":"SearchAction","target":{"@type":"EntryPoint","urlTemplate":"http:\/\/przedszkole4.slawno.pl\/?s={search_term_string}"},"query-input":{"@type":"PropertyValueSpecification","valueRequired":true,"valueName":"search_term_string"}}],"inLanguage":"pl-PL"},{"@type":"Person","@id":"http:\/\/przedszkole4.slawno.pl\/#\/schema\/person\/3f1f73f8b8e61cb56b468b61f85adc11","name":"Sylwia Ko\u015bka","sameAs":["http:\/\/przedszkole4.slawno.pl"],"url":"http:\/\/przedszkole4.slawno.pl\/?author=4"}]}},"_links":{"self":[{"href":"http:\/\/przedszkole4.slawno.pl\/index.php?rest_route=\/wp\/v2\/posts\/7465","targetHints":{"allow":["GET"]}}],"collection":[{"href":"http:\/\/przedszkole4.slawno.pl\/index.php?rest_route=\/wp\/v2\/posts"}],"about":[{"href":"http:\/\/przedszkole4.slawno.pl\/index.php?rest_route=\/wp\/v2\/types\/post"}],"author":[{"embeddable":true,"href":"http:\/\/przedszkole4.slawno.pl\/index.php?rest_route=\/wp\/v2\/users\/4"}],"replies":[{"embeddable":true,"href":"http:\/\/przedszkole4.slawno.pl\/index.php?rest_route=%2Fwp%2Fv2%2Fcomments&post=7465"}],"version-history":[{"count":1,"href":"http:\/\/przedszkole4.slawno.pl\/index.php?rest_route=\/wp\/v2\/posts\/7465\/revisions"}],"predecessor-version":[{"id":7472,"href":"http:\/\/przedszkole4.slawno.pl\/index.php?rest_route=\/wp\/v2\/posts\/7465\/revisions\/7472"}],"wp:attachment":[{"href":"http:\/\/przedszkole4.slawno.pl\/index.php?rest_route=%2Fwp%2Fv2%2Fmedia&parent=7465"}],"wp:term":[{"taxonomy":"category","embeddable":true,"href":"http:\/\/przedszkole4.slawno.pl\/index.php?rest_route=%2Fwp%2Fv2%2Fcategories&post=7465"},{"taxonomy":"post_tag","embeddable":true,"href":"http:\/\/przedszkole4.slawno.pl\/index.php?rest_route=%2Fwp%2Fv2%2Ftags&post=7465"}],"curies":[{"name":"wp","href":"https:\/\/api.w.org\/{rel}","templated":true}]}}