{"id":7479,"date":"2024-06-10T07:31:00","date_gmt":"2024-06-10T05:31:00","guid":{"rendered":"http:\/\/przedszkole4.slawno.pl\/?p=7479"},"modified":"2024-06-10T15:16:43","modified_gmt":"2024-06-10T13:16:43","slug":"goscie-w-zielonym-krolestwie-krasnala-halabaly-mecz-pilki-noznej","status":"publish","type":"post","link":"http:\/\/przedszkole4.slawno.pl\/?p=7479","title":{"rendered":"Go\u015bcie w Zielonym Kr\u00f3lestwie Krasnala Ha\u0142aba\u0142y &#8211; mecz pi\u0142ki no\u017cnej"},"content":{"rendered":"\n<p>6 czerwca 2024r. Zielone Kr\u00f3lestwo Krasnala Ha\u0142aba\u0142y odwiedzi\u0142y przedszkolaki z Przedszkola nr 1 w S\u0142awnie. Dzieci integrowa\u0142y si\u0119 podczas pleneru malarskiego oraz meczu pi\u0142ki no\u017cnej.<\/p>\n\n\n\n<figure class=\"wp-block-image size-large\"><img loading=\"lazy\" decoding=\"async\" width=\"768\" height=\"1024\" src=\"http:\/\/przedszkole4.slawno.pl\/wp-content\/uploads\/2024\/06\/3-768x1024.jpg\" alt=\"Dzieci z Przedszkola nr 1 uczestnicz\u0105 w plenerze malarskim\" class=\"wp-image-7480\" srcset=\"http:\/\/przedszkole4.slawno.pl\/wp-content\/uploads\/2024\/06\/3-768x1024.jpg 768w, http:\/\/przedszkole4.slawno.pl\/wp-content\/uploads\/2024\/06\/3-225x300.jpg 225w, http:\/\/przedszkole4.slawno.pl\/wp-content\/uploads\/2024\/06\/3-1152x1536.jpg 1152w, http:\/\/przedszkole4.slawno.pl\/wp-content\/uploads\/2024\/06\/3-1200x1600.jpg 1200w, http:\/\/przedszkole4.slawno.pl\/wp-content\/uploads\/2024\/06\/3.jpg 1530w\" sizes=\"auto, (max-width: 709px) 85vw, (max-width: 909px) 67vw, (max-width: 984px) 61vw, (max-width: 1362px) 45vw, 600px\" \/><figcaption class=\"wp-element-caption\">Fot. 1<\/figcaption><\/figure>\n\n\n\n<figure class=\"wp-block-image size-large\"><img loading=\"lazy\" decoding=\"async\" width=\"1024\" height=\"768\" src=\"http:\/\/przedszkole4.slawno.pl\/wp-content\/uploads\/2024\/06\/2-1024x768.jpg\" alt=\"S\u0142odki pocz\u0119stunek dla przedszkolak\u00f3w.\" class=\"wp-image-7481\" srcset=\"http:\/\/przedszkole4.slawno.pl\/wp-content\/uploads\/2024\/06\/2-1024x768.jpg 1024w, http:\/\/przedszkole4.slawno.pl\/wp-content\/uploads\/2024\/06\/2-300x225.jpg 300w, http:\/\/przedszkole4.slawno.pl\/wp-content\/uploads\/2024\/06\/2-768x576.jpg 768w, http:\/\/przedszkole4.slawno.pl\/wp-content\/uploads\/2024\/06\/2-1536x1152.jpg 1536w, http:\/\/przedszkole4.slawno.pl\/wp-content\/uploads\/2024\/06\/2-1200x900.jpg 1200w, http:\/\/przedszkole4.slawno.pl\/wp-content\/uploads\/2024\/06\/2.jpg 2040w\" sizes=\"auto, (max-width: 709px) 85vw, (max-width: 909px) 67vw, (max-width: 1362px) 62vw, 840px\" \/><figcaption class=\"wp-element-caption\">Fot. 2<\/figcaption><\/figure>\n\n\n\n<figure class=\"wp-block-image size-large\"><img loading=\"lazy\" decoding=\"async\" width=\"1024\" height=\"768\" src=\"http:\/\/przedszkole4.slawno.pl\/wp-content\/uploads\/2024\/06\/1-1024x768.jpg\" alt=\"Dzieci uczestnicz\u0105 w meczu pi\u0142ki no\u017cnej.\" class=\"wp-image-7482\" srcset=\"http:\/\/przedszkole4.slawno.pl\/wp-content\/uploads\/2024\/06\/1-1024x768.jpg 1024w, http:\/\/przedszkole4.slawno.pl\/wp-content\/uploads\/2024\/06\/1-300x225.jpg 300w, http:\/\/przedszkole4.slawno.pl\/wp-content\/uploads\/2024\/06\/1-768x576.jpg 768w, http:\/\/przedszkole4.slawno.pl\/wp-content\/uploads\/2024\/06\/1-1536x1152.jpg 1536w, http:\/\/przedszkole4.slawno.pl\/wp-content\/uploads\/2024\/06\/1-1200x900.jpg 1200w, http:\/\/przedszkole4.slawno.pl\/wp-content\/uploads\/2024\/06\/1.jpg 2040w\" sizes=\"auto, (max-width: 709px) 85vw, (max-width: 909px) 67vw, (max-width: 1362px) 62vw, 840px\" \/><figcaption class=\"wp-element-caption\">Fot. 3<\/figcaption><\/figure>\n\n\n\n<figure class=\"wp-block-image size-large\"><img loading=\"lazy\" decoding=\"async\" width=\"1024\" height=\"768\" src=\"http:\/\/przedszkole4.slawno.pl\/wp-content\/uploads\/2024\/06\/4-1024x768.jpg\" alt=\"Przedszkolaki uczestnicz\u0105 w meczu pi\u0142ki no\u017cnej.\" class=\"wp-image-7483\" srcset=\"http:\/\/przedszkole4.slawno.pl\/wp-content\/uploads\/2024\/06\/4-1024x768.jpg 1024w, http:\/\/przedszkole4.slawno.pl\/wp-content\/uploads\/2024\/06\/4-300x225.jpg 300w, http:\/\/przedszkole4.slawno.pl\/wp-content\/uploads\/2024\/06\/4-768x576.jpg 768w, http:\/\/przedszkole4.slawno.pl\/wp-content\/uploads\/2024\/06\/4-1536x1152.jpg 1536w, http:\/\/przedszkole4.slawno.pl\/wp-content\/uploads\/2024\/06\/4-1200x900.jpg 1200w, http:\/\/przedszkole4.slawno.pl\/wp-content\/uploads\/2024\/06\/4.jpg 2040w\" sizes=\"auto, (max-width: 709px) 85vw, (max-width: 909px) 67vw, (max-width: 1362px) 62vw, 840px\" \/><figcaption class=\"wp-element-caption\">Fot. 4<\/figcaption><\/figure>\n\n\n\n<figure class=\"wp-block-image size-large\"><img loading=\"lazy\" decoding=\"async\" width=\"1024\" height=\"768\" src=\"http:\/\/przedszkole4.slawno.pl\/wp-content\/uploads\/2024\/06\/5-1024x768.jpg\" alt=\"Przedszkolaki uczestnicz\u0105 w meczu pi\u0142ki no\u017cnej.\" class=\"wp-image-7484\" srcset=\"http:\/\/przedszkole4.slawno.pl\/wp-content\/uploads\/2024\/06\/5-1024x768.jpg 1024w, http:\/\/przedszkole4.slawno.pl\/wp-content\/uploads\/2024\/06\/5-300x225.jpg 300w, http:\/\/przedszkole4.slawno.pl\/wp-content\/uploads\/2024\/06\/5-768x576.jpg 768w, http:\/\/przedszkole4.slawno.pl\/wp-content\/uploads\/2024\/06\/5-1536x1152.jpg 1536w, http:\/\/przedszkole4.slawno.pl\/wp-content\/uploads\/2024\/06\/5-1200x900.jpg 1200w, http:\/\/przedszkole4.slawno.pl\/wp-content\/uploads\/2024\/06\/5.jpg 2040w\" sizes=\"auto, (max-width: 709px) 85vw, (max-width: 909px) 67vw, (max-width: 1362px) 62vw, 840px\" \/><figcaption class=\"wp-element-caption\">Fot. 5<\/figcaption><\/figure>\n","protected":false},"excerpt":{"rendered":"<p>6 czerwca 2024r. Zielone Kr\u00f3lestwo Krasnala Ha\u0142aba\u0142y odwiedzi\u0142y przedszkolaki z Przedszkola nr 1 w S\u0142awnie. Dzieci integrowa\u0142y si\u0119 podczas pleneru malarskiego oraz meczu pi\u0142ki no\u017cnej.<\/p>\n","protected":false},"author":4,"featured_media":0,"comment_status":"closed","ping_status":"closed","sticky":false,"template":"","format":"standard","meta":{"footnotes":""},"categories":[24],"tags":[],"class_list":["post-7479","post","type-post","status-publish","format-standard","hentry","category-echosr"],"yoast_head":"<!-- This site is optimized with the Yoast SEO plugin v27.5 - https:\/\/yoast.com\/product\/yoast-seo-wordpress\/ -->\n<title>Go\u015bcie w Zielonym Kr\u00f3lestwie Krasnala Ha\u0142aba\u0142y - mecz pi\u0142ki no\u017cnej - Przedszkole nr 4 im. Krasnala Ha\u0142aba\u0142y, \u017b\u0142obek Miejski w S\u0142awnie<\/title>\n<meta name=\"robots\" content=\"index, follow, max-snippet:-1, max-image-preview:large, max-video-preview:-1\" \/>\n<link rel=\"canonical\" href=\"https:\/\/przedszkole4.slawno.pl\/?p=7479\" \/>\n<meta name=\"twitter:card\" content=\"summary_large_image\" \/>\n<meta name=\"twitter:title\" content=\"Go\u015bcie w Zielonym Kr\u00f3lestwie Krasnala Ha\u0142aba\u0142y - mecz pi\u0142ki no\u017cnej - Przedszkole nr 4 im. Krasnala Ha\u0142aba\u0142y, \u017b\u0142obek Miejski w S\u0142awnie\" \/>\n<meta name=\"twitter:description\" content=\"6 czerwca 2024r. Zielone Kr\u00f3lestwo Krasnala Ha\u0142aba\u0142y odwiedzi\u0142y przedszkolaki z Przedszkola nr 1 w S\u0142awnie. Dzieci integrowa\u0142y si\u0119 podczas pleneru malarskiego oraz meczu pi\u0142ki no\u017cnej.\" \/>\n<meta name=\"twitter:image\" content=\"http:\/\/przedszkole4.slawno.pl\/wp-content\/uploads\/2024\/06\/3.jpg\" \/>\n<meta name=\"twitter:label1\" content=\"Napisane przez\" \/>\n\t<meta name=\"twitter:data1\" content=\"Sylwia Ko\u015bka\" \/>\n<script type=\"application\/ld+json\" class=\"yoast-schema-graph\">{\"@context\":\"https:\\\/\\\/schema.org\",\"@graph\":[{\"@type\":\"Article\",\"@id\":\"https:\\\/\\\/przedszkole4.slawno.pl\\\/?p=7479#article\",\"isPartOf\":{\"@id\":\"https:\\\/\\\/przedszkole4.slawno.pl\\\/?p=7479\"},\"author\":{\"name\":\"Sylwia Ko\u015bka\",\"@id\":\"http:\\\/\\\/przedszkole4.slawno.pl\\\/#\\\/schema\\\/person\\\/3f1f73f8b8e61cb56b468b61f85adc11\"},\"headline\":\"Go\u015bcie w Zielonym Kr\u00f3lestwie Krasnala Ha\u0142aba\u0142y &#8211; mecz pi\u0142ki no\u017cnej\",\"datePublished\":\"2024-06-10T05:31:00+00:00\",\"dateModified\":\"2024-06-10T13:16:43+00:00\",\"mainEntityOfPage\":{\"@id\":\"https:\\\/\\\/przedszkole4.slawno.pl\\\/?p=7479\"},\"wordCount\":52,\"image\":{\"@id\":\"https:\\\/\\\/przedszkole4.slawno.pl\\\/?p=7479#primaryimage\"},\"thumbnailUrl\":\"http:\\\/\\\/przedszkole4.slawno.pl\\\/wp-content\\\/uploads\\\/2024\\\/06\\\/3-768x1024.jpg\",\"articleSection\":[\"Echo grupy - \u015aredniaki\"],\"inLanguage\":\"pl-PL\"},{\"@type\":\"WebPage\",\"@id\":\"https:\\\/\\\/przedszkole4.slawno.pl\\\/?p=7479\",\"url\":\"https:\\\/\\\/przedszkole4.slawno.pl\\\/?p=7479\",\"name\":\"Go\u015bcie w Zielonym Kr\u00f3lestwie Krasnala Ha\u0142aba\u0142y - mecz pi\u0142ki no\u017cnej - Przedszkole nr 4 im. Krasnala Ha\u0142aba\u0142y, \u017b\u0142obek Miejski w S\u0142awnie\",\"isPartOf\":{\"@id\":\"http:\\\/\\\/przedszkole4.slawno.pl\\\/#website\"},\"primaryImageOfPage\":{\"@id\":\"https:\\\/\\\/przedszkole4.slawno.pl\\\/?p=7479#primaryimage\"},\"image\":{\"@id\":\"https:\\\/\\\/przedszkole4.slawno.pl\\\/?p=7479#primaryimage\"},\"thumbnailUrl\":\"http:\\\/\\\/przedszkole4.slawno.pl\\\/wp-content\\\/uploads\\\/2024\\\/06\\\/3-768x1024.jpg\",\"datePublished\":\"2024-06-10T05:31:00+00:00\",\"dateModified\":\"2024-06-10T13:16:43+00:00\",\"author\":{\"@id\":\"http:\\\/\\\/przedszkole4.slawno.pl\\\/#\\\/schema\\\/person\\\/3f1f73f8b8e61cb56b468b61f85adc11\"},\"breadcrumb\":{\"@id\":\"https:\\\/\\\/przedszkole4.slawno.pl\\\/?p=7479#breadcrumb\"},\"inLanguage\":\"pl-PL\",\"potentialAction\":[{\"@type\":\"ReadAction\",\"target\":[\"https:\\\/\\\/przedszkole4.slawno.pl\\\/?p=7479\"]}]},{\"@type\":\"ImageObject\",\"inLanguage\":\"pl-PL\",\"@id\":\"https:\\\/\\\/przedszkole4.slawno.pl\\\/?p=7479#primaryimage\",\"url\":\"http:\\\/\\\/przedszkole4.slawno.pl\\\/wp-content\\\/uploads\\\/2024\\\/06\\\/3.jpg\",\"contentUrl\":\"http:\\\/\\\/przedszkole4.slawno.pl\\\/wp-content\\\/uploads\\\/2024\\\/06\\\/3.jpg\",\"width\":1530,\"height\":2040},{\"@type\":\"BreadcrumbList\",\"@id\":\"https:\\\/\\\/przedszkole4.slawno.pl\\\/?p=7479#breadcrumb\",\"itemListElement\":[{\"@type\":\"ListItem\",\"position\":1,\"name\":\"Strona g\u0142\u00f3wna\",\"item\":\"http:\\\/\\\/przedszkole4.slawno.pl\\\/\"},{\"@type\":\"ListItem\",\"position\":2,\"name\":\"Go\u015bcie w Zielonym Kr\u00f3lestwie Krasnala Ha\u0142aba\u0142y &#8211; mecz pi\u0142ki no\u017cnej\"}]},{\"@type\":\"WebSite\",\"@id\":\"http:\\\/\\\/przedszkole4.slawno.pl\\\/#website\",\"url\":\"http:\\\/\\\/przedszkole4.slawno.pl\\\/\",\"name\":\"Przedszkole nr 4 im. Krasnala Ha\u0142aba\u0142y, \u017b\u0142obek Miejski w S\u0142awnie\",\"description\":\"Krasnal Ha\u0142aba\u0142a\",\"potentialAction\":[{\"@type\":\"SearchAction\",\"target\":{\"@type\":\"EntryPoint\",\"urlTemplate\":\"http:\\\/\\\/przedszkole4.slawno.pl\\\/?s={search_term_string}\"},\"query-input\":{\"@type\":\"PropertyValueSpecification\",\"valueRequired\":true,\"valueName\":\"search_term_string\"}}],\"inLanguage\":\"pl-PL\"},{\"@type\":\"Person\",\"@id\":\"http:\\\/\\\/przedszkole4.slawno.pl\\\/#\\\/schema\\\/person\\\/3f1f73f8b8e61cb56b468b61f85adc11\",\"name\":\"Sylwia Ko\u015bka\",\"sameAs\":[\"http:\\\/\\\/przedszkole4.slawno.pl\"],\"url\":\"http:\\\/\\\/przedszkole4.slawno.pl\\\/?author=4\"}]}<\/script>\n<!-- \/ Yoast SEO plugin. -->","yoast_head_json":{"title":"Go\u015bcie w Zielonym Kr\u00f3lestwie Krasnala Ha\u0142aba\u0142y - mecz pi\u0142ki no\u017cnej - Przedszkole nr 4 im. Krasnala Ha\u0142aba\u0142y, \u017b\u0142obek Miejski w S\u0142awnie","robots":{"index":"index","follow":"follow","max-snippet":"max-snippet:-1","max-image-preview":"max-image-preview:large","max-video-preview":"max-video-preview:-1"},"canonical":"https:\/\/przedszkole4.slawno.pl\/?p=7479","twitter_card":"summary_large_image","twitter_title":"Go\u015bcie w Zielonym Kr\u00f3lestwie Krasnala Ha\u0142aba\u0142y - mecz pi\u0142ki no\u017cnej - Przedszkole nr 4 im. Krasnala Ha\u0142aba\u0142y, \u017b\u0142obek Miejski w S\u0142awnie","twitter_description":"6 czerwca 2024r. Zielone Kr\u00f3lestwo Krasnala Ha\u0142aba\u0142y odwiedzi\u0142y przedszkolaki z Przedszkola nr 1 w S\u0142awnie. Dzieci integrowa\u0142y si\u0119 podczas pleneru malarskiego oraz meczu pi\u0142ki no\u017cnej.","twitter_image":"http:\/\/przedszkole4.slawno.pl\/wp-content\/uploads\/2024\/06\/3.jpg","twitter_misc":{"Napisane przez":"Sylwia Ko\u015bka"},"schema":{"@context":"https:\/\/schema.org","@graph":[{"@type":"Article","@id":"https:\/\/przedszkole4.slawno.pl\/?p=7479#article","isPartOf":{"@id":"https:\/\/przedszkole4.slawno.pl\/?p=7479"},"author":{"name":"Sylwia Ko\u015bka","@id":"http:\/\/przedszkole4.slawno.pl\/#\/schema\/person\/3f1f73f8b8e61cb56b468b61f85adc11"},"headline":"Go\u015bcie w Zielonym Kr\u00f3lestwie Krasnala Ha\u0142aba\u0142y &#8211; mecz pi\u0142ki no\u017cnej","datePublished":"2024-06-10T05:31:00+00:00","dateModified":"2024-06-10T13:16:43+00:00","mainEntityOfPage":{"@id":"https:\/\/przedszkole4.slawno.pl\/?p=7479"},"wordCount":52,"image":{"@id":"https:\/\/przedszkole4.slawno.pl\/?p=7479#primaryimage"},"thumbnailUrl":"http:\/\/przedszkole4.slawno.pl\/wp-content\/uploads\/2024\/06\/3-768x1024.jpg","articleSection":["Echo grupy - \u015aredniaki"],"inLanguage":"pl-PL"},{"@type":"WebPage","@id":"https:\/\/przedszkole4.slawno.pl\/?p=7479","url":"https:\/\/przedszkole4.slawno.pl\/?p=7479","name":"Go\u015bcie w Zielonym Kr\u00f3lestwie Krasnala Ha\u0142aba\u0142y - mecz pi\u0142ki no\u017cnej - Przedszkole nr 4 im. Krasnala Ha\u0142aba\u0142y, \u017b\u0142obek Miejski w S\u0142awnie","isPartOf":{"@id":"http:\/\/przedszkole4.slawno.pl\/#website"},"primaryImageOfPage":{"@id":"https:\/\/przedszkole4.slawno.pl\/?p=7479#primaryimage"},"image":{"@id":"https:\/\/przedszkole4.slawno.pl\/?p=7479#primaryimage"},"thumbnailUrl":"http:\/\/przedszkole4.slawno.pl\/wp-content\/uploads\/2024\/06\/3-768x1024.jpg","datePublished":"2024-06-10T05:31:00+00:00","dateModified":"2024-06-10T13:16:43+00:00","author":{"@id":"http:\/\/przedszkole4.slawno.pl\/#\/schema\/person\/3f1f73f8b8e61cb56b468b61f85adc11"},"breadcrumb":{"@id":"https:\/\/przedszkole4.slawno.pl\/?p=7479#breadcrumb"},"inLanguage":"pl-PL","potentialAction":[{"@type":"ReadAction","target":["https:\/\/przedszkole4.slawno.pl\/?p=7479"]}]},{"@type":"ImageObject","inLanguage":"pl-PL","@id":"https:\/\/przedszkole4.slawno.pl\/?p=7479#primaryimage","url":"http:\/\/przedszkole4.slawno.pl\/wp-content\/uploads\/2024\/06\/3.jpg","contentUrl":"http:\/\/przedszkole4.slawno.pl\/wp-content\/uploads\/2024\/06\/3.jpg","width":1530,"height":2040},{"@type":"BreadcrumbList","@id":"https:\/\/przedszkole4.slawno.pl\/?p=7479#breadcrumb","itemListElement":[{"@type":"ListItem","position":1,"name":"Strona g\u0142\u00f3wna","item":"http:\/\/przedszkole4.slawno.pl\/"},{"@type":"ListItem","position":2,"name":"Go\u015bcie w Zielonym Kr\u00f3lestwie Krasnala Ha\u0142aba\u0142y &#8211; mecz pi\u0142ki no\u017cnej"}]},{"@type":"WebSite","@id":"http:\/\/przedszkole4.slawno.pl\/#website","url":"http:\/\/przedszkole4.slawno.pl\/","name":"Przedszkole nr 4 im. Krasnala Ha\u0142aba\u0142y, \u017b\u0142obek Miejski w S\u0142awnie","description":"Krasnal Ha\u0142aba\u0142a","potentialAction":[{"@type":"SearchAction","target":{"@type":"EntryPoint","urlTemplate":"http:\/\/przedszkole4.slawno.pl\/?s={search_term_string}"},"query-input":{"@type":"PropertyValueSpecification","valueRequired":true,"valueName":"search_term_string"}}],"inLanguage":"pl-PL"},{"@type":"Person","@id":"http:\/\/przedszkole4.slawno.pl\/#\/schema\/person\/3f1f73f8b8e61cb56b468b61f85adc11","name":"Sylwia Ko\u015bka","sameAs":["http:\/\/przedszkole4.slawno.pl"],"url":"http:\/\/przedszkole4.slawno.pl\/?author=4"}]}},"_links":{"self":[{"href":"http:\/\/przedszkole4.slawno.pl\/index.php?rest_route=\/wp\/v2\/posts\/7479","targetHints":{"allow":["GET"]}}],"collection":[{"href":"http:\/\/przedszkole4.slawno.pl\/index.php?rest_route=\/wp\/v2\/posts"}],"about":[{"href":"http:\/\/przedszkole4.slawno.pl\/index.php?rest_route=\/wp\/v2\/types\/post"}],"author":[{"embeddable":true,"href":"http:\/\/przedszkole4.slawno.pl\/index.php?rest_route=\/wp\/v2\/users\/4"}],"replies":[{"embeddable":true,"href":"http:\/\/przedszkole4.slawno.pl\/index.php?rest_route=%2Fwp%2Fv2%2Fcomments&post=7479"}],"version-history":[{"count":2,"href":"http:\/\/przedszkole4.slawno.pl\/index.php?rest_route=\/wp\/v2\/posts\/7479\/revisions"}],"predecessor-version":[{"id":7488,"href":"http:\/\/przedszkole4.slawno.pl\/index.php?rest_route=\/wp\/v2\/posts\/7479\/revisions\/7488"}],"wp:attachment":[{"href":"http:\/\/przedszkole4.slawno.pl\/index.php?rest_route=%2Fwp%2Fv2%2Fmedia&parent=7479"}],"wp:term":[{"taxonomy":"category","embeddable":true,"href":"http:\/\/przedszkole4.slawno.pl\/index.php?rest_route=%2Fwp%2Fv2%2Fcategories&post=7479"},{"taxonomy":"post_tag","embeddable":true,"href":"http:\/\/przedszkole4.slawno.pl\/index.php?rest_route=%2Fwp%2Fv2%2Ftags&post=7479"}],"curies":[{"name":"wp","href":"https:\/\/api.w.org\/{rel}","templated":true}]}}