{"id":7522,"date":"2024-06-16T16:54:54","date_gmt":"2024-06-16T14:54:54","guid":{"rendered":"http:\/\/przedszkole4.slawno.pl\/?p=7522"},"modified":"2024-06-16T16:54:55","modified_gmt":"2024-06-16T14:54:55","slug":"z-wizyta-w-urzedzie-miejskim","status":"publish","type":"post","link":"http:\/\/przedszkole4.slawno.pl\/?p=7522","title":{"rendered":"Z wizyt\u0105 w Urz\u0119dzie Miejskim"},"content":{"rendered":"\n<p>13 czerwca \u015aredniaki wybra\u0142y si\u0119 na wycieczk\u0119 do Urz\u0119du Miejskiego w S\u0142awnie, gdzie spotka\u0142y si\u0119 z burmistrzem Krzysztofem Frankensteinem. Spaceruj\u0105c alejkami miasta dzieci mia\u0142y mo\u017cliwo\u015b\u0107 podziwia\u0107 pi\u0119kne zabytki m.in. Bram\u0119 S\u0142upsk\u0105 oraz Ko\u015bci\u00f3\u0142 pw. Wniebowzi\u0119cia NMP. <\/p>\n\n\n\n<figure class=\"wp-block-gallery has-nested-images columns-default is-cropped wp-block-gallery-1 is-layout-flex wp-block-gallery-is-layout-flex\">\n<figure class=\"wp-block-image size-large\"><img loading=\"lazy\" decoding=\"async\" width=\"1024\" height=\"683\" data-id=\"7523\" src=\"http:\/\/przedszkole4.slawno.pl\/wp-content\/uploads\/2024\/06\/d518b813-d668-4aa6-b966-3a979fb8c74f-1024x683.jpg\" alt=\"Grupa dzieci wraz z nauczycielkami i burmistrzem pozuje do wsp\u00f3lnego zdj\u0119cia.\" class=\"wp-image-7523\" srcset=\"http:\/\/przedszkole4.slawno.pl\/wp-content\/uploads\/2024\/06\/d518b813-d668-4aa6-b966-3a979fb8c74f-1024x683.jpg 1024w, http:\/\/przedszkole4.slawno.pl\/wp-content\/uploads\/2024\/06\/d518b813-d668-4aa6-b966-3a979fb8c74f-300x200.jpg 300w, http:\/\/przedszkole4.slawno.pl\/wp-content\/uploads\/2024\/06\/d518b813-d668-4aa6-b966-3a979fb8c74f-768x512.jpg 768w, http:\/\/przedszkole4.slawno.pl\/wp-content\/uploads\/2024\/06\/d518b813-d668-4aa6-b966-3a979fb8c74f.jpg 1080w\" sizes=\"auto, (max-width: 709px) 85vw, (max-width: 909px) 67vw, (max-width: 1362px) 62vw, 840px\" \/><figcaption class=\"wp-element-caption\">Fot. 1<\/figcaption><\/figure>\n<\/figure>\n\n\n\n<figure class=\"wp-block-gallery has-nested-images columns-default is-cropped wp-block-gallery-2 is-layout-flex wp-block-gallery-is-layout-flex\">\n<figure class=\"wp-block-image size-large\"><img loading=\"lazy\" decoding=\"async\" width=\"1024\" height=\"683\" data-id=\"7524\" src=\"http:\/\/przedszkole4.slawno.pl\/wp-content\/uploads\/2024\/06\/b586c798-d2d1-42cd-aa02-7cebf4f31343-1024x683.jpg\" alt=\"Burmistrz pozuje do wsp\u00f3lnego zdj\u0119cia z dzie\u0107mi.\" class=\"wp-image-7524\" srcset=\"http:\/\/przedszkole4.slawno.pl\/wp-content\/uploads\/2024\/06\/b586c798-d2d1-42cd-aa02-7cebf4f31343-1024x683.jpg 1024w, http:\/\/przedszkole4.slawno.pl\/wp-content\/uploads\/2024\/06\/b586c798-d2d1-42cd-aa02-7cebf4f31343-300x200.jpg 300w, http:\/\/przedszkole4.slawno.pl\/wp-content\/uploads\/2024\/06\/b586c798-d2d1-42cd-aa02-7cebf4f31343-768x512.jpg 768w, http:\/\/przedszkole4.slawno.pl\/wp-content\/uploads\/2024\/06\/b586c798-d2d1-42cd-aa02-7cebf4f31343.jpg 1080w\" sizes=\"auto, (max-width: 709px) 85vw, (max-width: 909px) 67vw, (max-width: 1362px) 62vw, 840px\" \/><figcaption class=\"wp-element-caption\">Fot. 2<\/figcaption><\/figure>\n<\/figure>\n\n\n\n<figure class=\"wp-block-gallery has-nested-images columns-default is-cropped wp-block-gallery-3 is-layout-flex wp-block-gallery-is-layout-flex\">\n<figure class=\"wp-block-image size-large\"><img loading=\"lazy\" decoding=\"async\" width=\"768\" height=\"1024\" data-id=\"7525\" src=\"http:\/\/przedszkole4.slawno.pl\/wp-content\/uploads\/2024\/06\/b0754e69-7630-4789-9b57-62a3be844b49-768x1024.jpg\" alt=\"Dzieci pozuj\u0105 do zdj\u0119cia na tle Ko\u015bcio\u0142a.\" class=\"wp-image-7525\" srcset=\"http:\/\/przedszkole4.slawno.pl\/wp-content\/uploads\/2024\/06\/b0754e69-7630-4789-9b57-62a3be844b49-768x1024.jpg 768w, http:\/\/przedszkole4.slawno.pl\/wp-content\/uploads\/2024\/06\/b0754e69-7630-4789-9b57-62a3be844b49-225x300.jpg 225w, http:\/\/przedszkole4.slawno.pl\/wp-content\/uploads\/2024\/06\/b0754e69-7630-4789-9b57-62a3be844b49-1152x1536.jpg 1152w, http:\/\/przedszkole4.slawno.pl\/wp-content\/uploads\/2024\/06\/b0754e69-7630-4789-9b57-62a3be844b49-1200x1600.jpg 1200w, http:\/\/przedszkole4.slawno.pl\/wp-content\/uploads\/2024\/06\/b0754e69-7630-4789-9b57-62a3be844b49.jpg 1296w\" sizes=\"auto, (max-width: 709px) 85vw, (max-width: 909px) 67vw, (max-width: 984px) 61vw, (max-width: 1362px) 45vw, 600px\" \/><figcaption class=\"wp-element-caption\">Fot. 3<\/figcaption><\/figure>\n<\/figure>\n","protected":false},"excerpt":{"rendered":"<p>13 czerwca \u015aredniaki wybra\u0142y si\u0119 na wycieczk\u0119 do Urz\u0119du Miejskiego w S\u0142awnie, gdzie spotka\u0142y si\u0119 z burmistrzem Krzysztofem Frankensteinem. Spaceruj\u0105c alejkami miasta dzieci mia\u0142y mo\u017cliwo\u015b\u0107 podziwia\u0107 pi\u0119kne zabytki m.in. Bram\u0119 S\u0142upsk\u0105 oraz Ko\u015bci\u00f3\u0142 pw. Wniebowzi\u0119cia NMP.<\/p>\n","protected":false},"author":4,"featured_media":0,"comment_status":"closed","ping_status":"closed","sticky":false,"template":"","format":"standard","meta":{"footnotes":""},"categories":[24],"tags":[],"class_list":["post-7522","post","type-post","status-publish","format-standard","hentry","category-echosr"],"yoast_head":"<!-- This site is optimized with the Yoast SEO plugin v27.5 - https:\/\/yoast.com\/product\/yoast-seo-wordpress\/ -->\n<title>Z wizyt\u0105 w Urz\u0119dzie Miejskim - Przedszkole nr 4 im. Krasnala Ha\u0142aba\u0142y, \u017b\u0142obek Miejski w S\u0142awnie<\/title>\n<meta name=\"robots\" content=\"index, follow, max-snippet:-1, max-image-preview:large, max-video-preview:-1\" \/>\n<link rel=\"canonical\" href=\"https:\/\/przedszkole4.slawno.pl\/?p=7522\" \/>\n<meta name=\"twitter:card\" content=\"summary_large_image\" \/>\n<meta name=\"twitter:title\" content=\"Z wizyt\u0105 w Urz\u0119dzie Miejskim - Przedszkole nr 4 im. Krasnala Ha\u0142aba\u0142y, \u017b\u0142obek Miejski w S\u0142awnie\" \/>\n<meta name=\"twitter:description\" content=\"13 czerwca \u015aredniaki wybra\u0142y si\u0119 na wycieczk\u0119 do Urz\u0119du Miejskiego w S\u0142awnie, gdzie spotka\u0142y si\u0119 z burmistrzem Krzysztofem Frankensteinem. Spaceruj\u0105c alejkami miasta dzieci mia\u0142y mo\u017cliwo\u015b\u0107 podziwia\u0107 pi\u0119kne zabytki m.in. Bram\u0119 S\u0142upsk\u0105 oraz Ko\u015bci\u00f3\u0142 pw. Wniebowzi\u0119cia NMP.\" \/>\n<meta name=\"twitter:image\" content=\"http:\/\/przedszkole4.slawno.pl\/wp-content\/uploads\/2024\/06\/d518b813-d668-4aa6-b966-3a979fb8c74f.jpg\" \/>\n<meta name=\"twitter:label1\" content=\"Napisane przez\" \/>\n\t<meta name=\"twitter:data1\" content=\"Sylwia Ko\u015bka\" \/>\n<script type=\"application\/ld+json\" class=\"yoast-schema-graph\">{\"@context\":\"https:\\\/\\\/schema.org\",\"@graph\":[{\"@type\":\"Article\",\"@id\":\"https:\\\/\\\/przedszkole4.slawno.pl\\\/?p=7522#article\",\"isPartOf\":{\"@id\":\"https:\\\/\\\/przedszkole4.slawno.pl\\\/?p=7522\"},\"author\":{\"name\":\"Sylwia Ko\u015bka\",\"@id\":\"http:\\\/\\\/przedszkole4.slawno.pl\\\/#\\\/schema\\\/person\\\/3f1f73f8b8e61cb56b468b61f85adc11\"},\"headline\":\"Z wizyt\u0105 w Urz\u0119dzie Miejskim\",\"datePublished\":\"2024-06-16T14:54:54+00:00\",\"dateModified\":\"2024-06-16T14:54:55+00:00\",\"mainEntityOfPage\":{\"@id\":\"https:\\\/\\\/przedszkole4.slawno.pl\\\/?p=7522\"},\"wordCount\":56,\"image\":{\"@id\":\"https:\\\/\\\/przedszkole4.slawno.pl\\\/?p=7522#primaryimage\"},\"thumbnailUrl\":\"http:\\\/\\\/przedszkole4.slawno.pl\\\/wp-content\\\/uploads\\\/2024\\\/06\\\/d518b813-d668-4aa6-b966-3a979fb8c74f-1024x683.jpg\",\"articleSection\":[\"Echo grupy - \u015aredniaki\"],\"inLanguage\":\"pl-PL\"},{\"@type\":\"WebPage\",\"@id\":\"https:\\\/\\\/przedszkole4.slawno.pl\\\/?p=7522\",\"url\":\"https:\\\/\\\/przedszkole4.slawno.pl\\\/?p=7522\",\"name\":\"Z wizyt\u0105 w Urz\u0119dzie Miejskim - Przedszkole nr 4 im. Krasnala Ha\u0142aba\u0142y, \u017b\u0142obek Miejski w S\u0142awnie\",\"isPartOf\":{\"@id\":\"http:\\\/\\\/przedszkole4.slawno.pl\\\/#website\"},\"primaryImageOfPage\":{\"@id\":\"https:\\\/\\\/przedszkole4.slawno.pl\\\/?p=7522#primaryimage\"},\"image\":{\"@id\":\"https:\\\/\\\/przedszkole4.slawno.pl\\\/?p=7522#primaryimage\"},\"thumbnailUrl\":\"http:\\\/\\\/przedszkole4.slawno.pl\\\/wp-content\\\/uploads\\\/2024\\\/06\\\/d518b813-d668-4aa6-b966-3a979fb8c74f-1024x683.jpg\",\"datePublished\":\"2024-06-16T14:54:54+00:00\",\"dateModified\":\"2024-06-16T14:54:55+00:00\",\"author\":{\"@id\":\"http:\\\/\\\/przedszkole4.slawno.pl\\\/#\\\/schema\\\/person\\\/3f1f73f8b8e61cb56b468b61f85adc11\"},\"breadcrumb\":{\"@id\":\"https:\\\/\\\/przedszkole4.slawno.pl\\\/?p=7522#breadcrumb\"},\"inLanguage\":\"pl-PL\",\"potentialAction\":[{\"@type\":\"ReadAction\",\"target\":[\"https:\\\/\\\/przedszkole4.slawno.pl\\\/?p=7522\"]}]},{\"@type\":\"ImageObject\",\"inLanguage\":\"pl-PL\",\"@id\":\"https:\\\/\\\/przedszkole4.slawno.pl\\\/?p=7522#primaryimage\",\"url\":\"http:\\\/\\\/przedszkole4.slawno.pl\\\/wp-content\\\/uploads\\\/2024\\\/06\\\/d518b813-d668-4aa6-b966-3a979fb8c74f.jpg\",\"contentUrl\":\"http:\\\/\\\/przedszkole4.slawno.pl\\\/wp-content\\\/uploads\\\/2024\\\/06\\\/d518b813-d668-4aa6-b966-3a979fb8c74f.jpg\",\"width\":1080,\"height\":720},{\"@type\":\"BreadcrumbList\",\"@id\":\"https:\\\/\\\/przedszkole4.slawno.pl\\\/?p=7522#breadcrumb\",\"itemListElement\":[{\"@type\":\"ListItem\",\"position\":1,\"name\":\"Strona g\u0142\u00f3wna\",\"item\":\"http:\\\/\\\/przedszkole4.slawno.pl\\\/\"},{\"@type\":\"ListItem\",\"position\":2,\"name\":\"Z wizyt\u0105 w Urz\u0119dzie Miejskim\"}]},{\"@type\":\"WebSite\",\"@id\":\"http:\\\/\\\/przedszkole4.slawno.pl\\\/#website\",\"url\":\"http:\\\/\\\/przedszkole4.slawno.pl\\\/\",\"name\":\"Przedszkole nr 4 im. Krasnala Ha\u0142aba\u0142y, \u017b\u0142obek Miejski w S\u0142awnie\",\"description\":\"Krasnal Ha\u0142aba\u0142a\",\"potentialAction\":[{\"@type\":\"SearchAction\",\"target\":{\"@type\":\"EntryPoint\",\"urlTemplate\":\"http:\\\/\\\/przedszkole4.slawno.pl\\\/?s={search_term_string}\"},\"query-input\":{\"@type\":\"PropertyValueSpecification\",\"valueRequired\":true,\"valueName\":\"search_term_string\"}}],\"inLanguage\":\"pl-PL\"},{\"@type\":\"Person\",\"@id\":\"http:\\\/\\\/przedszkole4.slawno.pl\\\/#\\\/schema\\\/person\\\/3f1f73f8b8e61cb56b468b61f85adc11\",\"name\":\"Sylwia Ko\u015bka\",\"sameAs\":[\"http:\\\/\\\/przedszkole4.slawno.pl\"],\"url\":\"http:\\\/\\\/przedszkole4.slawno.pl\\\/?author=4\"}]}<\/script>\n<!-- \/ Yoast SEO plugin. -->","yoast_head_json":{"title":"Z wizyt\u0105 w Urz\u0119dzie Miejskim - Przedszkole nr 4 im. Krasnala Ha\u0142aba\u0142y, \u017b\u0142obek Miejski w S\u0142awnie","robots":{"index":"index","follow":"follow","max-snippet":"max-snippet:-1","max-image-preview":"max-image-preview:large","max-video-preview":"max-video-preview:-1"},"canonical":"https:\/\/przedszkole4.slawno.pl\/?p=7522","twitter_card":"summary_large_image","twitter_title":"Z wizyt\u0105 w Urz\u0119dzie Miejskim - Przedszkole nr 4 im. Krasnala Ha\u0142aba\u0142y, \u017b\u0142obek Miejski w S\u0142awnie","twitter_description":"13 czerwca \u015aredniaki wybra\u0142y si\u0119 na wycieczk\u0119 do Urz\u0119du Miejskiego w S\u0142awnie, gdzie spotka\u0142y si\u0119 z burmistrzem Krzysztofem Frankensteinem. Spaceruj\u0105c alejkami miasta dzieci mia\u0142y mo\u017cliwo\u015b\u0107 podziwia\u0107 pi\u0119kne zabytki m.in. Bram\u0119 S\u0142upsk\u0105 oraz Ko\u015bci\u00f3\u0142 pw. Wniebowzi\u0119cia NMP.","twitter_image":"http:\/\/przedszkole4.slawno.pl\/wp-content\/uploads\/2024\/06\/d518b813-d668-4aa6-b966-3a979fb8c74f.jpg","twitter_misc":{"Napisane przez":"Sylwia Ko\u015bka"},"schema":{"@context":"https:\/\/schema.org","@graph":[{"@type":"Article","@id":"https:\/\/przedszkole4.slawno.pl\/?p=7522#article","isPartOf":{"@id":"https:\/\/przedszkole4.slawno.pl\/?p=7522"},"author":{"name":"Sylwia Ko\u015bka","@id":"http:\/\/przedszkole4.slawno.pl\/#\/schema\/person\/3f1f73f8b8e61cb56b468b61f85adc11"},"headline":"Z wizyt\u0105 w Urz\u0119dzie Miejskim","datePublished":"2024-06-16T14:54:54+00:00","dateModified":"2024-06-16T14:54:55+00:00","mainEntityOfPage":{"@id":"https:\/\/przedszkole4.slawno.pl\/?p=7522"},"wordCount":56,"image":{"@id":"https:\/\/przedszkole4.slawno.pl\/?p=7522#primaryimage"},"thumbnailUrl":"http:\/\/przedszkole4.slawno.pl\/wp-content\/uploads\/2024\/06\/d518b813-d668-4aa6-b966-3a979fb8c74f-1024x683.jpg","articleSection":["Echo grupy - \u015aredniaki"],"inLanguage":"pl-PL"},{"@type":"WebPage","@id":"https:\/\/przedszkole4.slawno.pl\/?p=7522","url":"https:\/\/przedszkole4.slawno.pl\/?p=7522","name":"Z wizyt\u0105 w Urz\u0119dzie Miejskim - Przedszkole nr 4 im. Krasnala Ha\u0142aba\u0142y, \u017b\u0142obek Miejski w S\u0142awnie","isPartOf":{"@id":"http:\/\/przedszkole4.slawno.pl\/#website"},"primaryImageOfPage":{"@id":"https:\/\/przedszkole4.slawno.pl\/?p=7522#primaryimage"},"image":{"@id":"https:\/\/przedszkole4.slawno.pl\/?p=7522#primaryimage"},"thumbnailUrl":"http:\/\/przedszkole4.slawno.pl\/wp-content\/uploads\/2024\/06\/d518b813-d668-4aa6-b966-3a979fb8c74f-1024x683.jpg","datePublished":"2024-06-16T14:54:54+00:00","dateModified":"2024-06-16T14:54:55+00:00","author":{"@id":"http:\/\/przedszkole4.slawno.pl\/#\/schema\/person\/3f1f73f8b8e61cb56b468b61f85adc11"},"breadcrumb":{"@id":"https:\/\/przedszkole4.slawno.pl\/?p=7522#breadcrumb"},"inLanguage":"pl-PL","potentialAction":[{"@type":"ReadAction","target":["https:\/\/przedszkole4.slawno.pl\/?p=7522"]}]},{"@type":"ImageObject","inLanguage":"pl-PL","@id":"https:\/\/przedszkole4.slawno.pl\/?p=7522#primaryimage","url":"http:\/\/przedszkole4.slawno.pl\/wp-content\/uploads\/2024\/06\/d518b813-d668-4aa6-b966-3a979fb8c74f.jpg","contentUrl":"http:\/\/przedszkole4.slawno.pl\/wp-content\/uploads\/2024\/06\/d518b813-d668-4aa6-b966-3a979fb8c74f.jpg","width":1080,"height":720},{"@type":"BreadcrumbList","@id":"https:\/\/przedszkole4.slawno.pl\/?p=7522#breadcrumb","itemListElement":[{"@type":"ListItem","position":1,"name":"Strona g\u0142\u00f3wna","item":"http:\/\/przedszkole4.slawno.pl\/"},{"@type":"ListItem","position":2,"name":"Z wizyt\u0105 w Urz\u0119dzie Miejskim"}]},{"@type":"WebSite","@id":"http:\/\/przedszkole4.slawno.pl\/#website","url":"http:\/\/przedszkole4.slawno.pl\/","name":"Przedszkole nr 4 im. Krasnala Ha\u0142aba\u0142y, \u017b\u0142obek Miejski w S\u0142awnie","description":"Krasnal Ha\u0142aba\u0142a","potentialAction":[{"@type":"SearchAction","target":{"@type":"EntryPoint","urlTemplate":"http:\/\/przedszkole4.slawno.pl\/?s={search_term_string}"},"query-input":{"@type":"PropertyValueSpecification","valueRequired":true,"valueName":"search_term_string"}}],"inLanguage":"pl-PL"},{"@type":"Person","@id":"http:\/\/przedszkole4.slawno.pl\/#\/schema\/person\/3f1f73f8b8e61cb56b468b61f85adc11","name":"Sylwia Ko\u015bka","sameAs":["http:\/\/przedszkole4.slawno.pl"],"url":"http:\/\/przedszkole4.slawno.pl\/?author=4"}]}},"_links":{"self":[{"href":"http:\/\/przedszkole4.slawno.pl\/index.php?rest_route=\/wp\/v2\/posts\/7522","targetHints":{"allow":["GET"]}}],"collection":[{"href":"http:\/\/przedszkole4.slawno.pl\/index.php?rest_route=\/wp\/v2\/posts"}],"about":[{"href":"http:\/\/przedszkole4.slawno.pl\/index.php?rest_route=\/wp\/v2\/types\/post"}],"author":[{"embeddable":true,"href":"http:\/\/przedszkole4.slawno.pl\/index.php?rest_route=\/wp\/v2\/users\/4"}],"replies":[{"embeddable":true,"href":"http:\/\/przedszkole4.slawno.pl\/index.php?rest_route=%2Fwp%2Fv2%2Fcomments&post=7522"}],"version-history":[{"count":1,"href":"http:\/\/przedszkole4.slawno.pl\/index.php?rest_route=\/wp\/v2\/posts\/7522\/revisions"}],"predecessor-version":[{"id":7526,"href":"http:\/\/przedszkole4.slawno.pl\/index.php?rest_route=\/wp\/v2\/posts\/7522\/revisions\/7526"}],"wp:attachment":[{"href":"http:\/\/przedszkole4.slawno.pl\/index.php?rest_route=%2Fwp%2Fv2%2Fmedia&parent=7522"}],"wp:term":[{"taxonomy":"category","embeddable":true,"href":"http:\/\/przedszkole4.slawno.pl\/index.php?rest_route=%2Fwp%2Fv2%2Fcategories&post=7522"},{"taxonomy":"post_tag","embeddable":true,"href":"http:\/\/przedszkole4.slawno.pl\/index.php?rest_route=%2Fwp%2Fv2%2Ftags&post=7522"}],"curies":[{"name":"wp","href":"https:\/\/api.w.org\/{rel}","templated":true}]}}