{"id":8662,"date":"2024-10-06T15:25:04","date_gmt":"2024-10-06T13:25:04","guid":{"rendered":"http:\/\/przedszkole4.slawno.pl\/?p=8662"},"modified":"2025-03-06T15:25:22","modified_gmt":"2025-03-06T14:25:22","slug":"dzien-ziemniaka-2","status":"publish","type":"post","link":"http:\/\/przedszkole4.slawno.pl\/?p=8662","title":{"rendered":"DZIE\u0143 ZIEMNIAKA"},"content":{"rendered":"\n<figure class=\"wp-block-image size-large\"><img loading=\"lazy\" decoding=\"async\" width=\"1024\" height=\"683\" src=\"http:\/\/przedszkole4.slawno.pl\/wp-content\/uploads\/2025\/03\/IMG_5257-1024x683.jpg\" alt=\"DZIECI UCZESTNICZ\u0104 W FESTYNIE Z OKAZJI DNIA ZIEMNIAKA\" class=\"wp-image-8663\" srcset=\"http:\/\/przedszkole4.slawno.pl\/wp-content\/uploads\/2025\/03\/IMG_5257-1024x683.jpg 1024w, http:\/\/przedszkole4.slawno.pl\/wp-content\/uploads\/2025\/03\/IMG_5257-300x200.jpg 300w, http:\/\/przedszkole4.slawno.pl\/wp-content\/uploads\/2025\/03\/IMG_5257-768x512.jpg 768w, http:\/\/przedszkole4.slawno.pl\/wp-content\/uploads\/2025\/03\/IMG_5257-1536x1024.jpg 1536w, http:\/\/przedszkole4.slawno.pl\/wp-content\/uploads\/2025\/03\/IMG_5257-2048x1365.jpg 2048w, http:\/\/przedszkole4.slawno.pl\/wp-content\/uploads\/2025\/03\/IMG_5257-1200x800.jpg 1200w\" sizes=\"auto, (max-width: 709px) 85vw, (max-width: 909px) 67vw, (max-width: 1362px) 62vw, 840px\" \/><figcaption class=\"wp-element-caption\">FOT. B.I<\/figcaption><\/figure>\n\n\n\n<figure class=\"wp-block-image size-large\"><img loading=\"lazy\" decoding=\"async\" width=\"1024\" height=\"683\" src=\"http:\/\/przedszkole4.slawno.pl\/wp-content\/uploads\/2025\/03\/IMG_5262-1024x683.jpg\" alt=\"DZIECI UCZESTNICZ\u0104 W FESTYNIE Z OKAZJI DNIA ZIEMNIAKA\" class=\"wp-image-8664\" srcset=\"http:\/\/przedszkole4.slawno.pl\/wp-content\/uploads\/2025\/03\/IMG_5262-1024x683.jpg 1024w, http:\/\/przedszkole4.slawno.pl\/wp-content\/uploads\/2025\/03\/IMG_5262-300x200.jpg 300w, http:\/\/przedszkole4.slawno.pl\/wp-content\/uploads\/2025\/03\/IMG_5262-768x512.jpg 768w, http:\/\/przedszkole4.slawno.pl\/wp-content\/uploads\/2025\/03\/IMG_5262-1536x1024.jpg 1536w, http:\/\/przedszkole4.slawno.pl\/wp-content\/uploads\/2025\/03\/IMG_5262-2048x1365.jpg 2048w, http:\/\/przedszkole4.slawno.pl\/wp-content\/uploads\/2025\/03\/IMG_5262-1200x800.jpg 1200w\" sizes=\"auto, (max-width: 709px) 85vw, (max-width: 909px) 67vw, (max-width: 1362px) 62vw, 840px\" \/><figcaption class=\"wp-element-caption\">FOT. B.I<\/figcaption><\/figure>\n\n\n\n<figure class=\"wp-block-image size-large\"><img loading=\"lazy\" decoding=\"async\" width=\"1024\" height=\"683\" src=\"http:\/\/przedszkole4.slawno.pl\/wp-content\/uploads\/2025\/03\/IMG_5265-1024x683.jpg\" alt=\"DZIECI UCZESTNICZ\u0104 W FESTYNIE Z OKAZJI DNIA ZIEMNIAKA\" class=\"wp-image-8665\" srcset=\"http:\/\/przedszkole4.slawno.pl\/wp-content\/uploads\/2025\/03\/IMG_5265-1024x683.jpg 1024w, http:\/\/przedszkole4.slawno.pl\/wp-content\/uploads\/2025\/03\/IMG_5265-300x200.jpg 300w, http:\/\/przedszkole4.slawno.pl\/wp-content\/uploads\/2025\/03\/IMG_5265-768x512.jpg 768w, http:\/\/przedszkole4.slawno.pl\/wp-content\/uploads\/2025\/03\/IMG_5265-1536x1024.jpg 1536w, http:\/\/przedszkole4.slawno.pl\/wp-content\/uploads\/2025\/03\/IMG_5265-2048x1365.jpg 2048w, http:\/\/przedszkole4.slawno.pl\/wp-content\/uploads\/2025\/03\/IMG_5265-1200x800.jpg 1200w\" sizes=\"auto, (max-width: 709px) 85vw, (max-width: 909px) 67vw, (max-width: 1362px) 62vw, 840px\" \/><\/figure>\n\n\n\n<figure class=\"wp-block-image size-large\"><img loading=\"lazy\" decoding=\"async\" width=\"1024\" height=\"683\" src=\"http:\/\/przedszkole4.slawno.pl\/wp-content\/uploads\/2025\/03\/IMG_5268-1024x683.jpg\" alt=\"DZIECI UCZESTNICZ\u0104 W FESTYNIE Z OKAZJI DNIA ZIEMNIAKA\" class=\"wp-image-8666\" srcset=\"http:\/\/przedszkole4.slawno.pl\/wp-content\/uploads\/2025\/03\/IMG_5268-1024x683.jpg 1024w, http:\/\/przedszkole4.slawno.pl\/wp-content\/uploads\/2025\/03\/IMG_5268-300x200.jpg 300w, http:\/\/przedszkole4.slawno.pl\/wp-content\/uploads\/2025\/03\/IMG_5268-768x512.jpg 768w, http:\/\/przedszkole4.slawno.pl\/wp-content\/uploads\/2025\/03\/IMG_5268-1536x1024.jpg 1536w, http:\/\/przedszkole4.slawno.pl\/wp-content\/uploads\/2025\/03\/IMG_5268-2048x1365.jpg 2048w, http:\/\/przedszkole4.slawno.pl\/wp-content\/uploads\/2025\/03\/IMG_5268-1200x800.jpg 1200w\" sizes=\"auto, (max-width: 709px) 85vw, (max-width: 909px) 67vw, (max-width: 1362px) 62vw, 840px\" \/><figcaption class=\"wp-element-caption\">FOT. B.I<\/figcaption><\/figure>\n\n\n\n<figure class=\"wp-block-image size-large\"><img loading=\"lazy\" decoding=\"async\" width=\"1024\" height=\"683\" src=\"http:\/\/przedszkole4.slawno.pl\/wp-content\/uploads\/2025\/03\/IMG_5270-1024x683.jpg\" alt=\"DZIECI UCZESTNICZ\u0104 W FESTYNIE Z OKAZJI DNIA ZIEMNIAKA\" class=\"wp-image-8667\" srcset=\"http:\/\/przedszkole4.slawno.pl\/wp-content\/uploads\/2025\/03\/IMG_5270-1024x683.jpg 1024w, http:\/\/przedszkole4.slawno.pl\/wp-content\/uploads\/2025\/03\/IMG_5270-300x200.jpg 300w, http:\/\/przedszkole4.slawno.pl\/wp-content\/uploads\/2025\/03\/IMG_5270-768x512.jpg 768w, http:\/\/przedszkole4.slawno.pl\/wp-content\/uploads\/2025\/03\/IMG_5270-1536x1024.jpg 1536w, http:\/\/przedszkole4.slawno.pl\/wp-content\/uploads\/2025\/03\/IMG_5270-2048x1365.jpg 2048w, http:\/\/przedszkole4.slawno.pl\/wp-content\/uploads\/2025\/03\/IMG_5270-1200x800.jpg 1200w\" sizes=\"auto, (max-width: 709px) 85vw, (max-width: 909px) 67vw, (max-width: 1362px) 62vw, 840px\" \/><figcaption class=\"wp-element-caption\">FOT. B.I<\/figcaption><\/figure>\n\n\n\n<figure class=\"wp-block-image size-large\"><img loading=\"lazy\" decoding=\"async\" width=\"1024\" height=\"683\" src=\"http:\/\/przedszkole4.slawno.pl\/wp-content\/uploads\/2025\/03\/IMG_5276-1024x683.jpg\" alt=\"DZIECI UCZESTNICZ\u0104 W FESTYNIE Z OKAZJI DNIA ZIEMNIAKA\" class=\"wp-image-8668\" srcset=\"http:\/\/przedszkole4.slawno.pl\/wp-content\/uploads\/2025\/03\/IMG_5276-1024x683.jpg 1024w, http:\/\/przedszkole4.slawno.pl\/wp-content\/uploads\/2025\/03\/IMG_5276-300x200.jpg 300w, http:\/\/przedszkole4.slawno.pl\/wp-content\/uploads\/2025\/03\/IMG_5276-768x512.jpg 768w, http:\/\/przedszkole4.slawno.pl\/wp-content\/uploads\/2025\/03\/IMG_5276-1536x1024.jpg 1536w, http:\/\/przedszkole4.slawno.pl\/wp-content\/uploads\/2025\/03\/IMG_5276-2048x1365.jpg 2048w, http:\/\/przedszkole4.slawno.pl\/wp-content\/uploads\/2025\/03\/IMG_5276-1200x800.jpg 1200w\" sizes=\"auto, (max-width: 709px) 85vw, (max-width: 909px) 67vw, (max-width: 1362px) 62vw, 840px\" \/><figcaption class=\"wp-element-caption\">FOT. B.I<\/figcaption><\/figure>\n\n\n\n<figure class=\"wp-block-image size-large\"><img loading=\"lazy\" decoding=\"async\" width=\"1024\" height=\"683\" src=\"http:\/\/przedszkole4.slawno.pl\/wp-content\/uploads\/2025\/03\/IMG_5296-1024x683.jpg\" alt=\"DZIECI UCZESTNICZ\u0104 W FESTYNIE Z OKAZJI DNIA ZIEMNIAKA\" class=\"wp-image-8670\" srcset=\"http:\/\/przedszkole4.slawno.pl\/wp-content\/uploads\/2025\/03\/IMG_5296-1024x683.jpg 1024w, http:\/\/przedszkole4.slawno.pl\/wp-content\/uploads\/2025\/03\/IMG_5296-300x200.jpg 300w, http:\/\/przedszkole4.slawno.pl\/wp-content\/uploads\/2025\/03\/IMG_5296-768x512.jpg 768w, http:\/\/przedszkole4.slawno.pl\/wp-content\/uploads\/2025\/03\/IMG_5296-1536x1024.jpg 1536w, http:\/\/przedszkole4.slawno.pl\/wp-content\/uploads\/2025\/03\/IMG_5296-2048x1365.jpg 2048w, http:\/\/przedszkole4.slawno.pl\/wp-content\/uploads\/2025\/03\/IMG_5296-1200x800.jpg 1200w\" sizes=\"auto, (max-width: 709px) 85vw, (max-width: 909px) 67vw, (max-width: 1362px) 62vw, 840px\" \/><figcaption class=\"wp-element-caption\">FOT. B.I<\/figcaption><\/figure>\n\n\n\n<figure class=\"wp-block-image size-large\"><img loading=\"lazy\" decoding=\"async\" width=\"1024\" height=\"683\" src=\"http:\/\/przedszkole4.slawno.pl\/wp-content\/uploads\/2025\/03\/IMG_5301-1024x683.jpg\" alt=\"DZIECI UCZESTNICZ\u0104 W FESTYNIE Z OKAZJI DNIA ZIEMNIAKA\" class=\"wp-image-8671\" srcset=\"http:\/\/przedszkole4.slawno.pl\/wp-content\/uploads\/2025\/03\/IMG_5301-1024x683.jpg 1024w, http:\/\/przedszkole4.slawno.pl\/wp-content\/uploads\/2025\/03\/IMG_5301-300x200.jpg 300w, http:\/\/przedszkole4.slawno.pl\/wp-content\/uploads\/2025\/03\/IMG_5301-768x512.jpg 768w, http:\/\/przedszkole4.slawno.pl\/wp-content\/uploads\/2025\/03\/IMG_5301-1536x1024.jpg 1536w, http:\/\/przedszkole4.slawno.pl\/wp-content\/uploads\/2025\/03\/IMG_5301-2048x1365.jpg 2048w, http:\/\/przedszkole4.slawno.pl\/wp-content\/uploads\/2025\/03\/IMG_5301-1200x800.jpg 1200w\" sizes=\"auto, (max-width: 709px) 85vw, (max-width: 909px) 67vw, (max-width: 1362px) 62vw, 840px\" \/><figcaption class=\"wp-element-caption\">FOT. B.I<\/figcaption><\/figure>\n\n\n\n<figure class=\"wp-block-image size-large\"><img loading=\"lazy\" decoding=\"async\" width=\"1024\" height=\"683\" src=\"http:\/\/przedszkole4.slawno.pl\/wp-content\/uploads\/2025\/03\/IMG_5304-1024x683.jpg\" alt=\"DZIECI UCZESTNICZ\u0104 W FESTYNIE Z OKAZJI DNIA ZIEMNIAKA\" class=\"wp-image-8672\" srcset=\"http:\/\/przedszkole4.slawno.pl\/wp-content\/uploads\/2025\/03\/IMG_5304-1024x683.jpg 1024w, http:\/\/przedszkole4.slawno.pl\/wp-content\/uploads\/2025\/03\/IMG_5304-300x200.jpg 300w, http:\/\/przedszkole4.slawno.pl\/wp-content\/uploads\/2025\/03\/IMG_5304-768x512.jpg 768w, http:\/\/przedszkole4.slawno.pl\/wp-content\/uploads\/2025\/03\/IMG_5304-1536x1024.jpg 1536w, http:\/\/przedszkole4.slawno.pl\/wp-content\/uploads\/2025\/03\/IMG_5304-2048x1365.jpg 2048w, http:\/\/przedszkole4.slawno.pl\/wp-content\/uploads\/2025\/03\/IMG_5304-1200x800.jpg 1200w\" sizes=\"auto, (max-width: 709px) 85vw, (max-width: 909px) 67vw, (max-width: 1362px) 62vw, 840px\" \/><figcaption class=\"wp-element-caption\">FOT. B.I<\/figcaption><\/figure>\n\n\n\n<figure class=\"wp-block-image size-large\"><img loading=\"lazy\" decoding=\"async\" width=\"1024\" height=\"683\" src=\"http:\/\/przedszkole4.slawno.pl\/wp-content\/uploads\/2025\/03\/IMG_5312-1024x683.jpg\" alt=\"DZIECI UCZESTNICZ\u0104 W FESTYNIE Z OKAZJI DNIA ZIEMNIAKA\" class=\"wp-image-8673\" srcset=\"http:\/\/przedszkole4.slawno.pl\/wp-content\/uploads\/2025\/03\/IMG_5312-1024x683.jpg 1024w, http:\/\/przedszkole4.slawno.pl\/wp-content\/uploads\/2025\/03\/IMG_5312-300x200.jpg 300w, http:\/\/przedszkole4.slawno.pl\/wp-content\/uploads\/2025\/03\/IMG_5312-768x512.jpg 768w, http:\/\/przedszkole4.slawno.pl\/wp-content\/uploads\/2025\/03\/IMG_5312-1536x1024.jpg 1536w, http:\/\/przedszkole4.slawno.pl\/wp-content\/uploads\/2025\/03\/IMG_5312-2048x1365.jpg 2048w, http:\/\/przedszkole4.slawno.pl\/wp-content\/uploads\/2025\/03\/IMG_5312-1200x800.jpg 1200w\" sizes=\"auto, (max-width: 709px) 85vw, (max-width: 909px) 67vw, (max-width: 1362px) 62vw, 840px\" \/><figcaption class=\"wp-element-caption\">FOT. B.I<\/figcaption><\/figure>\n\n\n\n<figure class=\"wp-block-image size-large\"><img loading=\"lazy\" decoding=\"async\" width=\"1024\" height=\"683\" src=\"http:\/\/przedszkole4.slawno.pl\/wp-content\/uploads\/2025\/03\/IMG_5318-1024x683.jpg\" alt=\"DZIECI UCZESTNICZ\u0104 W FESTYNIE Z OKAZJI DNIA ZIEMNIAKA\" class=\"wp-image-8674\" srcset=\"http:\/\/przedszkole4.slawno.pl\/wp-content\/uploads\/2025\/03\/IMG_5318-1024x683.jpg 1024w, http:\/\/przedszkole4.slawno.pl\/wp-content\/uploads\/2025\/03\/IMG_5318-300x200.jpg 300w, http:\/\/przedszkole4.slawno.pl\/wp-content\/uploads\/2025\/03\/IMG_5318-768x512.jpg 768w, http:\/\/przedszkole4.slawno.pl\/wp-content\/uploads\/2025\/03\/IMG_5318-1536x1024.jpg 1536w, http:\/\/przedszkole4.slawno.pl\/wp-content\/uploads\/2025\/03\/IMG_5318-2048x1365.jpg 2048w, http:\/\/przedszkole4.slawno.pl\/wp-content\/uploads\/2025\/03\/IMG_5318-1200x800.jpg 1200w\" sizes=\"auto, (max-width: 709px) 85vw, (max-width: 909px) 67vw, (max-width: 1362px) 62vw, 840px\" \/><figcaption class=\"wp-element-caption\">FOT. B.I<\/figcaption><\/figure>\n","protected":false},"excerpt":{"rendered":"","protected":false},"author":3,"featured_media":0,"comment_status":"closed","ping_status":"closed","sticky":false,"template":"","format":"standard","meta":{"footnotes":""},"categories":[24,25],"tags":[],"class_list":["post-8662","post","type-post","status-publish","format-standard","hentry","category-echosr","category-echostar"],"yoast_head":"<!-- This site is optimized with the Yoast SEO plugin v27.5 - https:\/\/yoast.com\/product\/yoast-seo-wordpress\/ -->\n<title>DZIE\u0143 ZIEMNIAKA - Przedszkole nr 4 im. Krasnala Ha\u0142aba\u0142y, \u017b\u0142obek Miejski w S\u0142awnie<\/title>\n<meta name=\"robots\" content=\"index, follow, max-snippet:-1, max-image-preview:large, max-video-preview:-1\" \/>\n<link rel=\"canonical\" href=\"http:\/\/przedszkole4.slawno.pl\/?p=8662\" \/>\n<meta name=\"twitter:card\" content=\"summary_large_image\" \/>\n<meta name=\"twitter:title\" content=\"DZIE\u0143 ZIEMNIAKA - Przedszkole nr 4 im. Krasnala Ha\u0142aba\u0142y, \u017b\u0142obek Miejski w S\u0142awnie\" \/>\n<meta name=\"twitter:image\" content=\"http:\/\/przedszkole4.slawno.pl\/wp-content\/uploads\/2025\/03\/IMG_5257-scaled.jpg\" \/>\n<meta name=\"twitter:label1\" content=\"Napisane przez\" \/>\n\t<meta name=\"twitter:data1\" content=\"Barbara Izdebska\" \/>\n<script type=\"application\/ld+json\" class=\"yoast-schema-graph\">{\"@context\":\"https:\\\/\\\/schema.org\",\"@graph\":[{\"@type\":\"Article\",\"@id\":\"http:\\\/\\\/przedszkole4.slawno.pl\\\/?p=8662#article\",\"isPartOf\":{\"@id\":\"http:\\\/\\\/przedszkole4.slawno.pl\\\/?p=8662\"},\"author\":{\"name\":\"Barbara Izdebska\",\"@id\":\"http:\\\/\\\/przedszkole4.slawno.pl\\\/#\\\/schema\\\/person\\\/9644dab3ce8a67278cda57eca1b65fa4\"},\"headline\":\"DZIE\u0143 ZIEMNIAKA\",\"datePublished\":\"2024-10-06T13:25:04+00:00\",\"dateModified\":\"2025-03-06T14:25:22+00:00\",\"mainEntityOfPage\":{\"@id\":\"http:\\\/\\\/przedszkole4.slawno.pl\\\/?p=8662\"},\"wordCount\":32,\"image\":{\"@id\":\"http:\\\/\\\/przedszkole4.slawno.pl\\\/?p=8662#primaryimage\"},\"thumbnailUrl\":\"http:\\\/\\\/przedszkole4.slawno.pl\\\/wp-content\\\/uploads\\\/2025\\\/03\\\/IMG_5257-1024x683.jpg\",\"articleSection\":[\"Echo grupy - \u015aredniaki\",\"Echo grupy - Starszaki\"],\"inLanguage\":\"pl-PL\"},{\"@type\":\"WebPage\",\"@id\":\"http:\\\/\\\/przedszkole4.slawno.pl\\\/?p=8662\",\"url\":\"http:\\\/\\\/przedszkole4.slawno.pl\\\/?p=8662\",\"name\":\"DZIE\u0143 ZIEMNIAKA - Przedszkole nr 4 im. Krasnala Ha\u0142aba\u0142y, \u017b\u0142obek Miejski w S\u0142awnie\",\"isPartOf\":{\"@id\":\"http:\\\/\\\/przedszkole4.slawno.pl\\\/#website\"},\"primaryImageOfPage\":{\"@id\":\"http:\\\/\\\/przedszkole4.slawno.pl\\\/?p=8662#primaryimage\"},\"image\":{\"@id\":\"http:\\\/\\\/przedszkole4.slawno.pl\\\/?p=8662#primaryimage\"},\"thumbnailUrl\":\"http:\\\/\\\/przedszkole4.slawno.pl\\\/wp-content\\\/uploads\\\/2025\\\/03\\\/IMG_5257-1024x683.jpg\",\"datePublished\":\"2024-10-06T13:25:04+00:00\",\"dateModified\":\"2025-03-06T14:25:22+00:00\",\"author\":{\"@id\":\"http:\\\/\\\/przedszkole4.slawno.pl\\\/#\\\/schema\\\/person\\\/9644dab3ce8a67278cda57eca1b65fa4\"},\"breadcrumb\":{\"@id\":\"http:\\\/\\\/przedszkole4.slawno.pl\\\/?p=8662#breadcrumb\"},\"inLanguage\":\"pl-PL\",\"potentialAction\":[{\"@type\":\"ReadAction\",\"target\":[\"http:\\\/\\\/przedszkole4.slawno.pl\\\/?p=8662\"]}]},{\"@type\":\"ImageObject\",\"inLanguage\":\"pl-PL\",\"@id\":\"http:\\\/\\\/przedszkole4.slawno.pl\\\/?p=8662#primaryimage\",\"url\":\"http:\\\/\\\/przedszkole4.slawno.pl\\\/wp-content\\\/uploads\\\/2025\\\/03\\\/IMG_5257-scaled.jpg\",\"contentUrl\":\"http:\\\/\\\/przedszkole4.slawno.pl\\\/wp-content\\\/uploads\\\/2025\\\/03\\\/IMG_5257-scaled.jpg\",\"width\":2560,\"height\":1707},{\"@type\":\"BreadcrumbList\",\"@id\":\"http:\\\/\\\/przedszkole4.slawno.pl\\\/?p=8662#breadcrumb\",\"itemListElement\":[{\"@type\":\"ListItem\",\"position\":1,\"name\":\"Strona g\u0142\u00f3wna\",\"item\":\"http:\\\/\\\/przedszkole4.slawno.pl\\\/\"},{\"@type\":\"ListItem\",\"position\":2,\"name\":\"DZIE\u0143 ZIEMNIAKA\"}]},{\"@type\":\"WebSite\",\"@id\":\"http:\\\/\\\/przedszkole4.slawno.pl\\\/#website\",\"url\":\"http:\\\/\\\/przedszkole4.slawno.pl\\\/\",\"name\":\"Przedszkole nr 4 im. Krasnala Ha\u0142aba\u0142y, \u017b\u0142obek Miejski w S\u0142awnie\",\"description\":\"Krasnal Ha\u0142aba\u0142a\",\"potentialAction\":[{\"@type\":\"SearchAction\",\"target\":{\"@type\":\"EntryPoint\",\"urlTemplate\":\"http:\\\/\\\/przedszkole4.slawno.pl\\\/?s={search_term_string}\"},\"query-input\":{\"@type\":\"PropertyValueSpecification\",\"valueRequired\":true,\"valueName\":\"search_term_string\"}}],\"inLanguage\":\"pl-PL\"},{\"@type\":\"Person\",\"@id\":\"http:\\\/\\\/przedszkole4.slawno.pl\\\/#\\\/schema\\\/person\\\/9644dab3ce8a67278cda57eca1b65fa4\",\"name\":\"Barbara Izdebska\",\"sameAs\":[\"http:\\\/\\\/przedszkole4.slawno.pl\"],\"url\":\"http:\\\/\\\/przedszkole4.slawno.pl\\\/?author=3\"}]}<\/script>\n<!-- \/ Yoast SEO plugin. -->","yoast_head_json":{"title":"DZIE\u0143 ZIEMNIAKA - Przedszkole nr 4 im. Krasnala Ha\u0142aba\u0142y, \u017b\u0142obek Miejski w S\u0142awnie","robots":{"index":"index","follow":"follow","max-snippet":"max-snippet:-1","max-image-preview":"max-image-preview:large","max-video-preview":"max-video-preview:-1"},"canonical":"http:\/\/przedszkole4.slawno.pl\/?p=8662","twitter_card":"summary_large_image","twitter_title":"DZIE\u0143 ZIEMNIAKA - Przedszkole nr 4 im. Krasnala Ha\u0142aba\u0142y, \u017b\u0142obek Miejski w S\u0142awnie","twitter_image":"http:\/\/przedszkole4.slawno.pl\/wp-content\/uploads\/2025\/03\/IMG_5257-scaled.jpg","twitter_misc":{"Napisane przez":"Barbara Izdebska"},"schema":{"@context":"https:\/\/schema.org","@graph":[{"@type":"Article","@id":"http:\/\/przedszkole4.slawno.pl\/?p=8662#article","isPartOf":{"@id":"http:\/\/przedszkole4.slawno.pl\/?p=8662"},"author":{"name":"Barbara Izdebska","@id":"http:\/\/przedszkole4.slawno.pl\/#\/schema\/person\/9644dab3ce8a67278cda57eca1b65fa4"},"headline":"DZIE\u0143 ZIEMNIAKA","datePublished":"2024-10-06T13:25:04+00:00","dateModified":"2025-03-06T14:25:22+00:00","mainEntityOfPage":{"@id":"http:\/\/przedszkole4.slawno.pl\/?p=8662"},"wordCount":32,"image":{"@id":"http:\/\/przedszkole4.slawno.pl\/?p=8662#primaryimage"},"thumbnailUrl":"http:\/\/przedszkole4.slawno.pl\/wp-content\/uploads\/2025\/03\/IMG_5257-1024x683.jpg","articleSection":["Echo grupy - \u015aredniaki","Echo grupy - Starszaki"],"inLanguage":"pl-PL"},{"@type":"WebPage","@id":"http:\/\/przedszkole4.slawno.pl\/?p=8662","url":"http:\/\/przedszkole4.slawno.pl\/?p=8662","name":"DZIE\u0143 ZIEMNIAKA - Przedszkole nr 4 im. Krasnala Ha\u0142aba\u0142y, \u017b\u0142obek Miejski w S\u0142awnie","isPartOf":{"@id":"http:\/\/przedszkole4.slawno.pl\/#website"},"primaryImageOfPage":{"@id":"http:\/\/przedszkole4.slawno.pl\/?p=8662#primaryimage"},"image":{"@id":"http:\/\/przedszkole4.slawno.pl\/?p=8662#primaryimage"},"thumbnailUrl":"http:\/\/przedszkole4.slawno.pl\/wp-content\/uploads\/2025\/03\/IMG_5257-1024x683.jpg","datePublished":"2024-10-06T13:25:04+00:00","dateModified":"2025-03-06T14:25:22+00:00","author":{"@id":"http:\/\/przedszkole4.slawno.pl\/#\/schema\/person\/9644dab3ce8a67278cda57eca1b65fa4"},"breadcrumb":{"@id":"http:\/\/przedszkole4.slawno.pl\/?p=8662#breadcrumb"},"inLanguage":"pl-PL","potentialAction":[{"@type":"ReadAction","target":["http:\/\/przedszkole4.slawno.pl\/?p=8662"]}]},{"@type":"ImageObject","inLanguage":"pl-PL","@id":"http:\/\/przedszkole4.slawno.pl\/?p=8662#primaryimage","url":"http:\/\/przedszkole4.slawno.pl\/wp-content\/uploads\/2025\/03\/IMG_5257-scaled.jpg","contentUrl":"http:\/\/przedszkole4.slawno.pl\/wp-content\/uploads\/2025\/03\/IMG_5257-scaled.jpg","width":2560,"height":1707},{"@type":"BreadcrumbList","@id":"http:\/\/przedszkole4.slawno.pl\/?p=8662#breadcrumb","itemListElement":[{"@type":"ListItem","position":1,"name":"Strona g\u0142\u00f3wna","item":"http:\/\/przedszkole4.slawno.pl\/"},{"@type":"ListItem","position":2,"name":"DZIE\u0143 ZIEMNIAKA"}]},{"@type":"WebSite","@id":"http:\/\/przedszkole4.slawno.pl\/#website","url":"http:\/\/przedszkole4.slawno.pl\/","name":"Przedszkole nr 4 im. Krasnala Ha\u0142aba\u0142y, \u017b\u0142obek Miejski w S\u0142awnie","description":"Krasnal Ha\u0142aba\u0142a","potentialAction":[{"@type":"SearchAction","target":{"@type":"EntryPoint","urlTemplate":"http:\/\/przedszkole4.slawno.pl\/?s={search_term_string}"},"query-input":{"@type":"PropertyValueSpecification","valueRequired":true,"valueName":"search_term_string"}}],"inLanguage":"pl-PL"},{"@type":"Person","@id":"http:\/\/przedszkole4.slawno.pl\/#\/schema\/person\/9644dab3ce8a67278cda57eca1b65fa4","name":"Barbara Izdebska","sameAs":["http:\/\/przedszkole4.slawno.pl"],"url":"http:\/\/przedszkole4.slawno.pl\/?author=3"}]}},"_links":{"self":[{"href":"http:\/\/przedszkole4.slawno.pl\/index.php?rest_route=\/wp\/v2\/posts\/8662","targetHints":{"allow":["GET"]}}],"collection":[{"href":"http:\/\/przedszkole4.slawno.pl\/index.php?rest_route=\/wp\/v2\/posts"}],"about":[{"href":"http:\/\/przedszkole4.slawno.pl\/index.php?rest_route=\/wp\/v2\/types\/post"}],"author":[{"embeddable":true,"href":"http:\/\/przedszkole4.slawno.pl\/index.php?rest_route=\/wp\/v2\/users\/3"}],"replies":[{"embeddable":true,"href":"http:\/\/przedszkole4.slawno.pl\/index.php?rest_route=%2Fwp%2Fv2%2Fcomments&post=8662"}],"version-history":[{"count":1,"href":"http:\/\/przedszkole4.slawno.pl\/index.php?rest_route=\/wp\/v2\/posts\/8662\/revisions"}],"predecessor-version":[{"id":8675,"href":"http:\/\/przedszkole4.slawno.pl\/index.php?rest_route=\/wp\/v2\/posts\/8662\/revisions\/8675"}],"wp:attachment":[{"href":"http:\/\/przedszkole4.slawno.pl\/index.php?rest_route=%2Fwp%2Fv2%2Fmedia&parent=8662"}],"wp:term":[{"taxonomy":"category","embeddable":true,"href":"http:\/\/przedszkole4.slawno.pl\/index.php?rest_route=%2Fwp%2Fv2%2Fcategories&post=8662"},{"taxonomy":"post_tag","embeddable":true,"href":"http:\/\/przedszkole4.slawno.pl\/index.php?rest_route=%2Fwp%2Fv2%2Ftags&post=8662"}],"curies":[{"name":"wp","href":"https:\/\/api.w.org\/{rel}","templated":true}]}}