{"id":8676,"date":"2024-10-06T15:29:58","date_gmt":"2024-10-06T13:29:58","guid":{"rendered":"http:\/\/przedszkole4.slawno.pl\/?p=8676"},"modified":"2025-03-06T15:30:56","modified_gmt":"2025-03-06T14:30:56","slug":"swieto-krasnala-halabaly-8","status":"publish","type":"post","link":"http:\/\/przedszkole4.slawno.pl\/?p=8676","title":{"rendered":"\u015aWI\u0118TO KRASNALA HA\u0141ABA\u0141Y"},"content":{"rendered":"\n<figure class=\"wp-block-image size-large\"><img loading=\"lazy\" decoding=\"async\" width=\"759\" height=\"1024\" src=\"http:\/\/przedszkole4.slawno.pl\/wp-content\/uploads\/2025\/03\/krasnal-sredniaki-759x1024.jpg\" alt=\"DZIECI POZUJ\u0104 DO ZDJ\u0118CIA Z KRASNALEM HA\u0141ABA\u0141\u0104\" class=\"wp-image-8677\" srcset=\"http:\/\/przedszkole4.slawno.pl\/wp-content\/uploads\/2025\/03\/krasnal-sredniaki-759x1024.jpg 759w, http:\/\/przedszkole4.slawno.pl\/wp-content\/uploads\/2025\/03\/krasnal-sredniaki-222x300.jpg 222w, http:\/\/przedszkole4.slawno.pl\/wp-content\/uploads\/2025\/03\/krasnal-sredniaki-768x1036.jpg 768w, http:\/\/przedszkole4.slawno.pl\/wp-content\/uploads\/2025\/03\/krasnal-sredniaki-1139x1536.jpg 1139w, http:\/\/przedszkole4.slawno.pl\/wp-content\/uploads\/2025\/03\/krasnal-sredniaki-1200x1619.jpg 1200w, http:\/\/przedszkole4.slawno.pl\/wp-content\/uploads\/2025\/03\/krasnal-sredniaki.jpg 1518w\" sizes=\"auto, (max-width: 709px) 85vw, (max-width: 909px) 67vw, (max-width: 984px) 61vw, (max-width: 1362px) 45vw, 600px\" \/><\/figure>\n\n\n\n<p>FOT. EW<\/p>\n","protected":false},"excerpt":{"rendered":"<p>FOT. EW<\/p>\n","protected":false},"author":3,"featured_media":0,"comment_status":"closed","ping_status":"closed","sticky":false,"template":"","format":"standard","meta":{"footnotes":""},"categories":[24],"tags":[],"class_list":["post-8676","post","type-post","status-publish","format-standard","hentry","category-echosr"],"yoast_head":"<!-- This site is optimized with the Yoast SEO plugin v27.5 - https:\/\/yoast.com\/product\/yoast-seo-wordpress\/ -->\n<title>\u015aWI\u0118TO KRASNALA HA\u0141ABA\u0141Y - Przedszkole nr 4 im. Krasnala Ha\u0142aba\u0142y, \u017b\u0142obek Miejski w S\u0142awnie<\/title>\n<meta name=\"robots\" content=\"index, follow, max-snippet:-1, max-image-preview:large, max-video-preview:-1\" \/>\n<link rel=\"canonical\" href=\"http:\/\/przedszkole4.slawno.pl\/?p=8676\" \/>\n<meta name=\"twitter:card\" content=\"summary_large_image\" \/>\n<meta name=\"twitter:title\" content=\"\u015aWI\u0118TO KRASNALA HA\u0141ABA\u0141Y - Przedszkole nr 4 im. Krasnala Ha\u0142aba\u0142y, \u017b\u0142obek Miejski w S\u0142awnie\" \/>\n<meta name=\"twitter:description\" content=\"FOT. EW\" \/>\n<meta name=\"twitter:image\" content=\"http:\/\/przedszkole4.slawno.pl\/wp-content\/uploads\/2025\/03\/krasnal-sredniaki.jpg\" \/>\n<meta name=\"twitter:label1\" content=\"Napisane przez\" \/>\n\t<meta name=\"twitter:data1\" content=\"Barbara Izdebska\" \/>\n<script type=\"application\/ld+json\" class=\"yoast-schema-graph\">{\"@context\":\"https:\\\/\\\/schema.org\",\"@graph\":[{\"@type\":\"Article\",\"@id\":\"http:\\\/\\\/przedszkole4.slawno.pl\\\/?p=8676#article\",\"isPartOf\":{\"@id\":\"http:\\\/\\\/przedszkole4.slawno.pl\\\/?p=8676\"},\"author\":{\"name\":\"Barbara Izdebska\",\"@id\":\"http:\\\/\\\/przedszkole4.slawno.pl\\\/#\\\/schema\\\/person\\\/9644dab3ce8a67278cda57eca1b65fa4\"},\"headline\":\"\u015aWI\u0118TO KRASNALA HA\u0141ABA\u0141Y\",\"datePublished\":\"2024-10-06T13:29:58+00:00\",\"dateModified\":\"2025-03-06T14:30:56+00:00\",\"mainEntityOfPage\":{\"@id\":\"http:\\\/\\\/przedszkole4.slawno.pl\\\/?p=8676\"},\"wordCount\":8,\"image\":{\"@id\":\"http:\\\/\\\/przedszkole4.slawno.pl\\\/?p=8676#primaryimage\"},\"thumbnailUrl\":\"http:\\\/\\\/przedszkole4.slawno.pl\\\/wp-content\\\/uploads\\\/2025\\\/03\\\/krasnal-sredniaki-759x1024.jpg\",\"articleSection\":[\"Echo grupy - \u015aredniaki\"],\"inLanguage\":\"pl-PL\"},{\"@type\":\"WebPage\",\"@id\":\"http:\\\/\\\/przedszkole4.slawno.pl\\\/?p=8676\",\"url\":\"http:\\\/\\\/przedszkole4.slawno.pl\\\/?p=8676\",\"name\":\"\u015aWI\u0118TO KRASNALA HA\u0141ABA\u0141Y - Przedszkole nr 4 im. Krasnala Ha\u0142aba\u0142y, \u017b\u0142obek Miejski w S\u0142awnie\",\"isPartOf\":{\"@id\":\"http:\\\/\\\/przedszkole4.slawno.pl\\\/#website\"},\"primaryImageOfPage\":{\"@id\":\"http:\\\/\\\/przedszkole4.slawno.pl\\\/?p=8676#primaryimage\"},\"image\":{\"@id\":\"http:\\\/\\\/przedszkole4.slawno.pl\\\/?p=8676#primaryimage\"},\"thumbnailUrl\":\"http:\\\/\\\/przedszkole4.slawno.pl\\\/wp-content\\\/uploads\\\/2025\\\/03\\\/krasnal-sredniaki-759x1024.jpg\",\"datePublished\":\"2024-10-06T13:29:58+00:00\",\"dateModified\":\"2025-03-06T14:30:56+00:00\",\"author\":{\"@id\":\"http:\\\/\\\/przedszkole4.slawno.pl\\\/#\\\/schema\\\/person\\\/9644dab3ce8a67278cda57eca1b65fa4\"},\"breadcrumb\":{\"@id\":\"http:\\\/\\\/przedszkole4.slawno.pl\\\/?p=8676#breadcrumb\"},\"inLanguage\":\"pl-PL\",\"potentialAction\":[{\"@type\":\"ReadAction\",\"target\":[\"http:\\\/\\\/przedszkole4.slawno.pl\\\/?p=8676\"]}]},{\"@type\":\"ImageObject\",\"inLanguage\":\"pl-PL\",\"@id\":\"http:\\\/\\\/przedszkole4.slawno.pl\\\/?p=8676#primaryimage\",\"url\":\"http:\\\/\\\/przedszkole4.slawno.pl\\\/wp-content\\\/uploads\\\/2025\\\/03\\\/krasnal-sredniaki.jpg\",\"contentUrl\":\"http:\\\/\\\/przedszkole4.slawno.pl\\\/wp-content\\\/uploads\\\/2025\\\/03\\\/krasnal-sredniaki.jpg\",\"width\":1518,\"height\":2048},{\"@type\":\"BreadcrumbList\",\"@id\":\"http:\\\/\\\/przedszkole4.slawno.pl\\\/?p=8676#breadcrumb\",\"itemListElement\":[{\"@type\":\"ListItem\",\"position\":1,\"name\":\"Strona g\u0142\u00f3wna\",\"item\":\"http:\\\/\\\/przedszkole4.slawno.pl\\\/\"},{\"@type\":\"ListItem\",\"position\":2,\"name\":\"\u015aWI\u0118TO KRASNALA HA\u0141ABA\u0141Y\"}]},{\"@type\":\"WebSite\",\"@id\":\"http:\\\/\\\/przedszkole4.slawno.pl\\\/#website\",\"url\":\"http:\\\/\\\/przedszkole4.slawno.pl\\\/\",\"name\":\"Przedszkole nr 4 im. Krasnala Ha\u0142aba\u0142y, \u017b\u0142obek Miejski w S\u0142awnie\",\"description\":\"Krasnal Ha\u0142aba\u0142a\",\"potentialAction\":[{\"@type\":\"SearchAction\",\"target\":{\"@type\":\"EntryPoint\",\"urlTemplate\":\"http:\\\/\\\/przedszkole4.slawno.pl\\\/?s={search_term_string}\"},\"query-input\":{\"@type\":\"PropertyValueSpecification\",\"valueRequired\":true,\"valueName\":\"search_term_string\"}}],\"inLanguage\":\"pl-PL\"},{\"@type\":\"Person\",\"@id\":\"http:\\\/\\\/przedszkole4.slawno.pl\\\/#\\\/schema\\\/person\\\/9644dab3ce8a67278cda57eca1b65fa4\",\"name\":\"Barbara Izdebska\",\"sameAs\":[\"http:\\\/\\\/przedszkole4.slawno.pl\"],\"url\":\"http:\\\/\\\/przedszkole4.slawno.pl\\\/?author=3\"}]}<\/script>\n<!-- \/ Yoast SEO plugin. -->","yoast_head_json":{"title":"\u015aWI\u0118TO KRASNALA HA\u0141ABA\u0141Y - Przedszkole nr 4 im. Krasnala Ha\u0142aba\u0142y, \u017b\u0142obek Miejski w S\u0142awnie","robots":{"index":"index","follow":"follow","max-snippet":"max-snippet:-1","max-image-preview":"max-image-preview:large","max-video-preview":"max-video-preview:-1"},"canonical":"http:\/\/przedszkole4.slawno.pl\/?p=8676","twitter_card":"summary_large_image","twitter_title":"\u015aWI\u0118TO KRASNALA HA\u0141ABA\u0141Y - Przedszkole nr 4 im. Krasnala Ha\u0142aba\u0142y, \u017b\u0142obek Miejski w S\u0142awnie","twitter_description":"FOT. EW","twitter_image":"http:\/\/przedszkole4.slawno.pl\/wp-content\/uploads\/2025\/03\/krasnal-sredniaki.jpg","twitter_misc":{"Napisane przez":"Barbara Izdebska"},"schema":{"@context":"https:\/\/schema.org","@graph":[{"@type":"Article","@id":"http:\/\/przedszkole4.slawno.pl\/?p=8676#article","isPartOf":{"@id":"http:\/\/przedszkole4.slawno.pl\/?p=8676"},"author":{"name":"Barbara Izdebska","@id":"http:\/\/przedszkole4.slawno.pl\/#\/schema\/person\/9644dab3ce8a67278cda57eca1b65fa4"},"headline":"\u015aWI\u0118TO KRASNALA HA\u0141ABA\u0141Y","datePublished":"2024-10-06T13:29:58+00:00","dateModified":"2025-03-06T14:30:56+00:00","mainEntityOfPage":{"@id":"http:\/\/przedszkole4.slawno.pl\/?p=8676"},"wordCount":8,"image":{"@id":"http:\/\/przedszkole4.slawno.pl\/?p=8676#primaryimage"},"thumbnailUrl":"http:\/\/przedszkole4.slawno.pl\/wp-content\/uploads\/2025\/03\/krasnal-sredniaki-759x1024.jpg","articleSection":["Echo grupy - \u015aredniaki"],"inLanguage":"pl-PL"},{"@type":"WebPage","@id":"http:\/\/przedszkole4.slawno.pl\/?p=8676","url":"http:\/\/przedszkole4.slawno.pl\/?p=8676","name":"\u015aWI\u0118TO KRASNALA HA\u0141ABA\u0141Y - Przedszkole nr 4 im. Krasnala Ha\u0142aba\u0142y, \u017b\u0142obek Miejski w S\u0142awnie","isPartOf":{"@id":"http:\/\/przedszkole4.slawno.pl\/#website"},"primaryImageOfPage":{"@id":"http:\/\/przedszkole4.slawno.pl\/?p=8676#primaryimage"},"image":{"@id":"http:\/\/przedszkole4.slawno.pl\/?p=8676#primaryimage"},"thumbnailUrl":"http:\/\/przedszkole4.slawno.pl\/wp-content\/uploads\/2025\/03\/krasnal-sredniaki-759x1024.jpg","datePublished":"2024-10-06T13:29:58+00:00","dateModified":"2025-03-06T14:30:56+00:00","author":{"@id":"http:\/\/przedszkole4.slawno.pl\/#\/schema\/person\/9644dab3ce8a67278cda57eca1b65fa4"},"breadcrumb":{"@id":"http:\/\/przedszkole4.slawno.pl\/?p=8676#breadcrumb"},"inLanguage":"pl-PL","potentialAction":[{"@type":"ReadAction","target":["http:\/\/przedszkole4.slawno.pl\/?p=8676"]}]},{"@type":"ImageObject","inLanguage":"pl-PL","@id":"http:\/\/przedszkole4.slawno.pl\/?p=8676#primaryimage","url":"http:\/\/przedszkole4.slawno.pl\/wp-content\/uploads\/2025\/03\/krasnal-sredniaki.jpg","contentUrl":"http:\/\/przedszkole4.slawno.pl\/wp-content\/uploads\/2025\/03\/krasnal-sredniaki.jpg","width":1518,"height":2048},{"@type":"BreadcrumbList","@id":"http:\/\/przedszkole4.slawno.pl\/?p=8676#breadcrumb","itemListElement":[{"@type":"ListItem","position":1,"name":"Strona g\u0142\u00f3wna","item":"http:\/\/przedszkole4.slawno.pl\/"},{"@type":"ListItem","position":2,"name":"\u015aWI\u0118TO KRASNALA HA\u0141ABA\u0141Y"}]},{"@type":"WebSite","@id":"http:\/\/przedszkole4.slawno.pl\/#website","url":"http:\/\/przedszkole4.slawno.pl\/","name":"Przedszkole nr 4 im. Krasnala Ha\u0142aba\u0142y, \u017b\u0142obek Miejski w S\u0142awnie","description":"Krasnal Ha\u0142aba\u0142a","potentialAction":[{"@type":"SearchAction","target":{"@type":"EntryPoint","urlTemplate":"http:\/\/przedszkole4.slawno.pl\/?s={search_term_string}"},"query-input":{"@type":"PropertyValueSpecification","valueRequired":true,"valueName":"search_term_string"}}],"inLanguage":"pl-PL"},{"@type":"Person","@id":"http:\/\/przedszkole4.slawno.pl\/#\/schema\/person\/9644dab3ce8a67278cda57eca1b65fa4","name":"Barbara Izdebska","sameAs":["http:\/\/przedszkole4.slawno.pl"],"url":"http:\/\/przedszkole4.slawno.pl\/?author=3"}]}},"_links":{"self":[{"href":"http:\/\/przedszkole4.slawno.pl\/index.php?rest_route=\/wp\/v2\/posts\/8676","targetHints":{"allow":["GET"]}}],"collection":[{"href":"http:\/\/przedszkole4.slawno.pl\/index.php?rest_route=\/wp\/v2\/posts"}],"about":[{"href":"http:\/\/przedszkole4.slawno.pl\/index.php?rest_route=\/wp\/v2\/types\/post"}],"author":[{"embeddable":true,"href":"http:\/\/przedszkole4.slawno.pl\/index.php?rest_route=\/wp\/v2\/users\/3"}],"replies":[{"embeddable":true,"href":"http:\/\/przedszkole4.slawno.pl\/index.php?rest_route=%2Fwp%2Fv2%2Fcomments&post=8676"}],"version-history":[{"count":1,"href":"http:\/\/przedszkole4.slawno.pl\/index.php?rest_route=\/wp\/v2\/posts\/8676\/revisions"}],"predecessor-version":[{"id":8678,"href":"http:\/\/przedszkole4.slawno.pl\/index.php?rest_route=\/wp\/v2\/posts\/8676\/revisions\/8678"}],"wp:attachment":[{"href":"http:\/\/przedszkole4.slawno.pl\/index.php?rest_route=%2Fwp%2Fv2%2Fmedia&parent=8676"}],"wp:term":[{"taxonomy":"category","embeddable":true,"href":"http:\/\/przedszkole4.slawno.pl\/index.php?rest_route=%2Fwp%2Fv2%2Fcategories&post=8676"},{"taxonomy":"post_tag","embeddable":true,"href":"http:\/\/przedszkole4.slawno.pl\/index.php?rest_route=%2Fwp%2Fv2%2Ftags&post=8676"}],"curies":[{"name":"wp","href":"https:\/\/api.w.org\/{rel}","templated":true}]}}