{"id":9931,"date":"2024-05-18T09:39:13","date_gmt":"2024-05-18T07:39:13","guid":{"rendered":"https:\/\/przedszkole4.slawno.pl\/?p=9931"},"modified":"2025-12-10T09:39:32","modified_gmt":"2025-12-10T08:39:32","slug":"wizyta-w-zielonym-krolestwie-krasnala-halabaly-dzieci-z-przedszkola-radosny-maluch","status":"publish","type":"post","link":"http:\/\/przedszkole4.slawno.pl\/?p=9931","title":{"rendered":"WIZYTA W ZIELONYM KR\u00d3LESTWIE KRASNALA HA\u0141ABA\u0141Y DZIECI Z PRZEDSZKOLA RADOSNY MALUCH"},"content":{"rendered":"\n<figure class=\"wp-block-image size-large\"><img loading=\"lazy\" decoding=\"async\" width=\"1024\" height=\"1024\" src=\"https:\/\/przedszkole4.slawno.pl\/wp-content\/uploads\/2025\/12\/Djo9DbPN-1024x1024.jpg\" alt=\"\" class=\"wp-image-9932\" srcset=\"http:\/\/przedszkole4.slawno.pl\/wp-content\/uploads\/2025\/12\/Djo9DbPN-1024x1024.jpg 1024w, http:\/\/przedszkole4.slawno.pl\/wp-content\/uploads\/2025\/12\/Djo9DbPN-300x300.jpg 300w, http:\/\/przedszkole4.slawno.pl\/wp-content\/uploads\/2025\/12\/Djo9DbPN-150x150.jpg 150w, http:\/\/przedszkole4.slawno.pl\/wp-content\/uploads\/2025\/12\/Djo9DbPN-768x768.jpg 768w, http:\/\/przedszkole4.slawno.pl\/wp-content\/uploads\/2025\/12\/Djo9DbPN-1536x1536.jpg 1536w, http:\/\/przedszkole4.slawno.pl\/wp-content\/uploads\/2025\/12\/Djo9DbPN-1200x1200.jpg 1200w, http:\/\/przedszkole4.slawno.pl\/wp-content\/uploads\/2025\/12\/Djo9DbPN.jpg 2048w\" sizes=\"auto, (max-width: 709px) 85vw, (max-width: 909px) 67vw, (max-width: 1362px) 62vw, 840px\" \/><\/figure>\n","protected":false},"excerpt":{"rendered":"","protected":false},"author":3,"featured_media":0,"comment_status":"closed","ping_status":"closed","sticky":false,"template":"","format":"standard","meta":{"footnotes":""},"categories":[24],"tags":[],"class_list":["post-9931","post","type-post","status-publish","format-standard","hentry","category-echosr"],"yoast_head":"<!-- This site is optimized with the Yoast SEO plugin v27.5 - https:\/\/yoast.com\/product\/yoast-seo-wordpress\/ -->\n<title>WIZYTA W ZIELONYM KR\u00d3LESTWIE KRASNALA HA\u0141ABA\u0141Y DZIECI Z PRZEDSZKOLA RADOSNY MALUCH - Przedszkole nr 4 im. Krasnala Ha\u0142aba\u0142y, \u017b\u0142obek Miejski w S\u0142awnie<\/title>\n<meta name=\"robots\" content=\"index, follow, max-snippet:-1, max-image-preview:large, max-video-preview:-1\" \/>\n<link rel=\"canonical\" href=\"http:\/\/przedszkole4.slawno.pl\/?p=9931\" \/>\n<meta name=\"twitter:card\" content=\"summary_large_image\" \/>\n<meta name=\"twitter:title\" content=\"WIZYTA W ZIELONYM KR\u00d3LESTWIE KRASNALA HA\u0141ABA\u0141Y DZIECI Z PRZEDSZKOLA RADOSNY MALUCH - Przedszkole nr 4 im. Krasnala Ha\u0142aba\u0142y, \u017b\u0142obek Miejski w S\u0142awnie\" \/>\n<meta name=\"twitter:image\" content=\"http:\/\/przedszkole4.slawno.pl\/wp-content\/uploads\/2025\/12\/Djo9DbPN.jpg\" \/>\n<meta name=\"twitter:label1\" content=\"Napisane przez\" \/>\n\t<meta name=\"twitter:data1\" content=\"Barbara Izdebska\" \/>\n<script type=\"application\/ld+json\" class=\"yoast-schema-graph\">{\"@context\":\"https:\\\/\\\/schema.org\",\"@graph\":[{\"@type\":\"Article\",\"@id\":\"http:\\\/\\\/przedszkole4.slawno.pl\\\/?p=9931#article\",\"isPartOf\":{\"@id\":\"http:\\\/\\\/przedszkole4.slawno.pl\\\/?p=9931\"},\"author\":{\"name\":\"Barbara Izdebska\",\"@id\":\"http:\\\/\\\/przedszkole4.slawno.pl\\\/#\\\/schema\\\/person\\\/9644dab3ce8a67278cda57eca1b65fa4\"},\"headline\":\"WIZYTA W ZIELONYM KR\u00d3LESTWIE KRASNALA HA\u0141ABA\u0141Y DZIECI Z PRZEDSZKOLA RADOSNY MALUCH\",\"datePublished\":\"2024-05-18T07:39:13+00:00\",\"dateModified\":\"2025-12-10T08:39:32+00:00\",\"mainEntityOfPage\":{\"@id\":\"http:\\\/\\\/przedszkole4.slawno.pl\\\/?p=9931\"},\"wordCount\":14,\"image\":{\"@id\":\"http:\\\/\\\/przedszkole4.slawno.pl\\\/?p=9931#primaryimage\"},\"thumbnailUrl\":\"https:\\\/\\\/przedszkole4.slawno.pl\\\/wp-content\\\/uploads\\\/2025\\\/12\\\/Djo9DbPN-1024x1024.jpg\",\"articleSection\":[\"Echo grupy - \u015aredniaki\"],\"inLanguage\":\"pl-PL\"},{\"@type\":\"WebPage\",\"@id\":\"http:\\\/\\\/przedszkole4.slawno.pl\\\/?p=9931\",\"url\":\"http:\\\/\\\/przedszkole4.slawno.pl\\\/?p=9931\",\"name\":\"WIZYTA W ZIELONYM KR\u00d3LESTWIE KRASNALA HA\u0141ABA\u0141Y DZIECI Z PRZEDSZKOLA RADOSNY MALUCH - Przedszkole nr 4 im. Krasnala Ha\u0142aba\u0142y, \u017b\u0142obek Miejski w S\u0142awnie\",\"isPartOf\":{\"@id\":\"http:\\\/\\\/przedszkole4.slawno.pl\\\/#website\"},\"primaryImageOfPage\":{\"@id\":\"http:\\\/\\\/przedszkole4.slawno.pl\\\/?p=9931#primaryimage\"},\"image\":{\"@id\":\"http:\\\/\\\/przedszkole4.slawno.pl\\\/?p=9931#primaryimage\"},\"thumbnailUrl\":\"https:\\\/\\\/przedszkole4.slawno.pl\\\/wp-content\\\/uploads\\\/2025\\\/12\\\/Djo9DbPN-1024x1024.jpg\",\"datePublished\":\"2024-05-18T07:39:13+00:00\",\"dateModified\":\"2025-12-10T08:39:32+00:00\",\"author\":{\"@id\":\"http:\\\/\\\/przedszkole4.slawno.pl\\\/#\\\/schema\\\/person\\\/9644dab3ce8a67278cda57eca1b65fa4\"},\"breadcrumb\":{\"@id\":\"http:\\\/\\\/przedszkole4.slawno.pl\\\/?p=9931#breadcrumb\"},\"inLanguage\":\"pl-PL\",\"potentialAction\":[{\"@type\":\"ReadAction\",\"target\":[\"http:\\\/\\\/przedszkole4.slawno.pl\\\/?p=9931\"]}]},{\"@type\":\"ImageObject\",\"inLanguage\":\"pl-PL\",\"@id\":\"http:\\\/\\\/przedszkole4.slawno.pl\\\/?p=9931#primaryimage\",\"url\":\"http:\\\/\\\/przedszkole4.slawno.pl\\\/wp-content\\\/uploads\\\/2025\\\/12\\\/Djo9DbPN.jpg\",\"contentUrl\":\"http:\\\/\\\/przedszkole4.slawno.pl\\\/wp-content\\\/uploads\\\/2025\\\/12\\\/Djo9DbPN.jpg\",\"width\":2048,\"height\":2048},{\"@type\":\"BreadcrumbList\",\"@id\":\"http:\\\/\\\/przedszkole4.slawno.pl\\\/?p=9931#breadcrumb\",\"itemListElement\":[{\"@type\":\"ListItem\",\"position\":1,\"name\":\"Strona g\u0142\u00f3wna\",\"item\":\"http:\\\/\\\/przedszkole4.slawno.pl\\\/\"},{\"@type\":\"ListItem\",\"position\":2,\"name\":\"WIZYTA W ZIELONYM KR\u00d3LESTWIE KRASNALA HA\u0141ABA\u0141Y DZIECI Z PRZEDSZKOLA RADOSNY MALUCH\"}]},{\"@type\":\"WebSite\",\"@id\":\"http:\\\/\\\/przedszkole4.slawno.pl\\\/#website\",\"url\":\"http:\\\/\\\/przedszkole4.slawno.pl\\\/\",\"name\":\"Przedszkole nr 4 im. Krasnala Ha\u0142aba\u0142y, \u017b\u0142obek Miejski w S\u0142awnie\",\"description\":\"Krasnal Ha\u0142aba\u0142a\",\"potentialAction\":[{\"@type\":\"SearchAction\",\"target\":{\"@type\":\"EntryPoint\",\"urlTemplate\":\"http:\\\/\\\/przedszkole4.slawno.pl\\\/?s={search_term_string}\"},\"query-input\":{\"@type\":\"PropertyValueSpecification\",\"valueRequired\":true,\"valueName\":\"search_term_string\"}}],\"inLanguage\":\"pl-PL\"},{\"@type\":\"Person\",\"@id\":\"http:\\\/\\\/przedszkole4.slawno.pl\\\/#\\\/schema\\\/person\\\/9644dab3ce8a67278cda57eca1b65fa4\",\"name\":\"Barbara Izdebska\",\"sameAs\":[\"http:\\\/\\\/przedszkole4.slawno.pl\"],\"url\":\"http:\\\/\\\/przedszkole4.slawno.pl\\\/?author=3\"}]}<\/script>\n<!-- \/ Yoast SEO plugin. -->","yoast_head_json":{"title":"WIZYTA W ZIELONYM KR\u00d3LESTWIE KRASNALA HA\u0141ABA\u0141Y DZIECI Z PRZEDSZKOLA RADOSNY MALUCH - Przedszkole nr 4 im. Krasnala Ha\u0142aba\u0142y, \u017b\u0142obek Miejski w S\u0142awnie","robots":{"index":"index","follow":"follow","max-snippet":"max-snippet:-1","max-image-preview":"max-image-preview:large","max-video-preview":"max-video-preview:-1"},"canonical":"http:\/\/przedszkole4.slawno.pl\/?p=9931","twitter_card":"summary_large_image","twitter_title":"WIZYTA W ZIELONYM KR\u00d3LESTWIE KRASNALA HA\u0141ABA\u0141Y DZIECI Z PRZEDSZKOLA RADOSNY MALUCH - Przedszkole nr 4 im. Krasnala Ha\u0142aba\u0142y, \u017b\u0142obek Miejski w S\u0142awnie","twitter_image":"http:\/\/przedszkole4.slawno.pl\/wp-content\/uploads\/2025\/12\/Djo9DbPN.jpg","twitter_misc":{"Napisane przez":"Barbara Izdebska"},"schema":{"@context":"https:\/\/schema.org","@graph":[{"@type":"Article","@id":"http:\/\/przedszkole4.slawno.pl\/?p=9931#article","isPartOf":{"@id":"http:\/\/przedszkole4.slawno.pl\/?p=9931"},"author":{"name":"Barbara Izdebska","@id":"http:\/\/przedszkole4.slawno.pl\/#\/schema\/person\/9644dab3ce8a67278cda57eca1b65fa4"},"headline":"WIZYTA W ZIELONYM KR\u00d3LESTWIE KRASNALA HA\u0141ABA\u0141Y DZIECI Z PRZEDSZKOLA RADOSNY MALUCH","datePublished":"2024-05-18T07:39:13+00:00","dateModified":"2025-12-10T08:39:32+00:00","mainEntityOfPage":{"@id":"http:\/\/przedszkole4.slawno.pl\/?p=9931"},"wordCount":14,"image":{"@id":"http:\/\/przedszkole4.slawno.pl\/?p=9931#primaryimage"},"thumbnailUrl":"https:\/\/przedszkole4.slawno.pl\/wp-content\/uploads\/2025\/12\/Djo9DbPN-1024x1024.jpg","articleSection":["Echo grupy - \u015aredniaki"],"inLanguage":"pl-PL"},{"@type":"WebPage","@id":"http:\/\/przedszkole4.slawno.pl\/?p=9931","url":"http:\/\/przedszkole4.slawno.pl\/?p=9931","name":"WIZYTA W ZIELONYM KR\u00d3LESTWIE KRASNALA HA\u0141ABA\u0141Y DZIECI Z PRZEDSZKOLA RADOSNY MALUCH - Przedszkole nr 4 im. Krasnala Ha\u0142aba\u0142y, \u017b\u0142obek Miejski w S\u0142awnie","isPartOf":{"@id":"http:\/\/przedszkole4.slawno.pl\/#website"},"primaryImageOfPage":{"@id":"http:\/\/przedszkole4.slawno.pl\/?p=9931#primaryimage"},"image":{"@id":"http:\/\/przedszkole4.slawno.pl\/?p=9931#primaryimage"},"thumbnailUrl":"https:\/\/przedszkole4.slawno.pl\/wp-content\/uploads\/2025\/12\/Djo9DbPN-1024x1024.jpg","datePublished":"2024-05-18T07:39:13+00:00","dateModified":"2025-12-10T08:39:32+00:00","author":{"@id":"http:\/\/przedszkole4.slawno.pl\/#\/schema\/person\/9644dab3ce8a67278cda57eca1b65fa4"},"breadcrumb":{"@id":"http:\/\/przedszkole4.slawno.pl\/?p=9931#breadcrumb"},"inLanguage":"pl-PL","potentialAction":[{"@type":"ReadAction","target":["http:\/\/przedszkole4.slawno.pl\/?p=9931"]}]},{"@type":"ImageObject","inLanguage":"pl-PL","@id":"http:\/\/przedszkole4.slawno.pl\/?p=9931#primaryimage","url":"http:\/\/przedszkole4.slawno.pl\/wp-content\/uploads\/2025\/12\/Djo9DbPN.jpg","contentUrl":"http:\/\/przedszkole4.slawno.pl\/wp-content\/uploads\/2025\/12\/Djo9DbPN.jpg","width":2048,"height":2048},{"@type":"BreadcrumbList","@id":"http:\/\/przedszkole4.slawno.pl\/?p=9931#breadcrumb","itemListElement":[{"@type":"ListItem","position":1,"name":"Strona g\u0142\u00f3wna","item":"http:\/\/przedszkole4.slawno.pl\/"},{"@type":"ListItem","position":2,"name":"WIZYTA W ZIELONYM KR\u00d3LESTWIE KRASNALA HA\u0141ABA\u0141Y DZIECI Z PRZEDSZKOLA RADOSNY MALUCH"}]},{"@type":"WebSite","@id":"http:\/\/przedszkole4.slawno.pl\/#website","url":"http:\/\/przedszkole4.slawno.pl\/","name":"Przedszkole nr 4 im. Krasnala Ha\u0142aba\u0142y, \u017b\u0142obek Miejski w S\u0142awnie","description":"Krasnal Ha\u0142aba\u0142a","potentialAction":[{"@type":"SearchAction","target":{"@type":"EntryPoint","urlTemplate":"http:\/\/przedszkole4.slawno.pl\/?s={search_term_string}"},"query-input":{"@type":"PropertyValueSpecification","valueRequired":true,"valueName":"search_term_string"}}],"inLanguage":"pl-PL"},{"@type":"Person","@id":"http:\/\/przedszkole4.slawno.pl\/#\/schema\/person\/9644dab3ce8a67278cda57eca1b65fa4","name":"Barbara Izdebska","sameAs":["http:\/\/przedszkole4.slawno.pl"],"url":"http:\/\/przedszkole4.slawno.pl\/?author=3"}]}},"_links":{"self":[{"href":"http:\/\/przedszkole4.slawno.pl\/index.php?rest_route=\/wp\/v2\/posts\/9931","targetHints":{"allow":["GET"]}}],"collection":[{"href":"http:\/\/przedszkole4.slawno.pl\/index.php?rest_route=\/wp\/v2\/posts"}],"about":[{"href":"http:\/\/przedszkole4.slawno.pl\/index.php?rest_route=\/wp\/v2\/types\/post"}],"author":[{"embeddable":true,"href":"http:\/\/przedszkole4.slawno.pl\/index.php?rest_route=\/wp\/v2\/users\/3"}],"replies":[{"embeddable":true,"href":"http:\/\/przedszkole4.slawno.pl\/index.php?rest_route=%2Fwp%2Fv2%2Fcomments&post=9931"}],"version-history":[{"count":1,"href":"http:\/\/przedszkole4.slawno.pl\/index.php?rest_route=\/wp\/v2\/posts\/9931\/revisions"}],"predecessor-version":[{"id":9933,"href":"http:\/\/przedszkole4.slawno.pl\/index.php?rest_route=\/wp\/v2\/posts\/9931\/revisions\/9933"}],"wp:attachment":[{"href":"http:\/\/przedszkole4.slawno.pl\/index.php?rest_route=%2Fwp%2Fv2%2Fmedia&parent=9931"}],"wp:term":[{"taxonomy":"category","embeddable":true,"href":"http:\/\/przedszkole4.slawno.pl\/index.php?rest_route=%2Fwp%2Fv2%2Fcategories&post=9931"},{"taxonomy":"post_tag","embeddable":true,"href":"http:\/\/przedszkole4.slawno.pl\/index.php?rest_route=%2Fwp%2Fv2%2Ftags&post=9931"}],"curies":[{"name":"wp","href":"https:\/\/api.w.org\/{rel}","templated":true}]}}